{"id":975,"date":"2024-07-23T09:00:00","date_gmt":"2024-07-23T09:00:00","guid":{"rendered":"https:\/\/www.masproteccionlaboral.com\/blog\/?p=975"},"modified":"2024-06-27T16:18:07","modified_gmt":"2024-06-27T16:18:07","slug":"se-puede-trabajar-con-el-sindrome-del-tunel-carpiano","status":"publish","type":"post","link":"https:\/\/www.masproteccionlaboral.com\/blog\/se-puede-trabajar-con-el-sindrome-del-tunel-carpiano.html","title":{"rendered":"\u00bfSe puede trabajar con el s\u00edndrome del t\u00fanel carpiano?"},"content":{"rendered":"\n<p>La salud laboral es un aspecto importante, ya que existen una gran variedad de enfermedades profesionales causadas por agentes qu\u00edmicos o accidentes de trabajo, como tambi\u00e9n personas que cuentan con diagn\u00f3sticos que necesitan cuidados especiales. Por ejemplo, cada vez son m\u00e1s las personas que se preguntan si <strong>se puede trabajar con el s\u00edndrome del t\u00fanel carpiano<\/strong> o no es aconsejable.<\/p>\n\n\n\n<p>Desde M\u00e1s Protecci\u00f3n Laboral, creemos que existen muchos modos de cuidar a los empleados y por ello te contaremos todo sobre el <strong>s\u00edndrome del t\u00fanel carpiano<\/strong>: qu\u00e9 es, c\u00f3mo trabajar con esta enfermedad, si es necesario el uso de mu\u00f1equeras y mucho m\u00e1s. \u00a1Sigue leyendo!<\/p>\n\n\n\n<h2 class=\"wp-block-heading\">\u00bfQu\u00e9 es el t\u00fanel carpiano?<\/h2>\n\n\n\n<p>La Cl\u00ednica Universidad de Navarra explica que el t\u00fanel carpiano es un canal que se encuentra entre los huesos de la mu\u00f1eca y los ligamentos. A trav\u00e9s de este t\u00fanel pasan varios tendones y el nervio mediano, el cual es responsable de la sensibilidad y el movimiento de partes de la mano, especialmente el pulgar, el dedo \u00edndice, el dedo medio y una parte del dedo anular.<\/p>\n\n\n\n<p>\u00bfPuede generar el <strong>t\u00fanel carpiano dolor hasta el hombro<\/strong>? La realidad es que s\u00ed, y es que este s\u00edndrome ocurre cuando hay una compresi\u00f3n o presi\u00f3n sobre el nervio mediano dentro de este t\u00fanel y puede generar un gran dolor en la mu\u00f1eca, la mano y que se puede extender por el brazo.<\/p>\n\n\n\n<p>Una persona con esta enfermedad tambi\u00e9n puede sentir entumecimiento y hormigueo en el pulgar, el dedo \u00edndice, el dedo medio y parte del dedo anular; como una leve debilidad en la mano, lo que puede dificultar la realizaci\u00f3n de tareas cotidianas.<\/p>\n\n\n\n<h2 class=\"wp-block-heading\">T\u00fanel carpiano enfermedad profesional: \u00bfSI o NO?<\/h2>\n\n\n\n<p>\u00bfQui\u00e9res saber si es el <strong>t\u00fanel carpiano enfermedad profesional<\/strong>? La realidad es que el <a href=\"https:\/\/www.insst.es\/documents\/94886\/361599\/DDC-TME-07.+S%C3%ADndrome+del+T%C3%BAnel+Carpiano+A%C3%B1o+2012.pdf\/717cad21-3bd5-4c8f-af03-ffdb74d77534\">Ministerio de Empleo y Seguridad Social (IESS)<\/a> indica que s\u00ed es considerada una enfermedad relacionada con los trastornos musculoesquel\u00e9ticos. Seg\u00fan especifica, se trata de un diagn\u00f3stico provocado por posturas forzadas y movimientos repetitivos en el trabajo, causado por par\u00e1lisis de los nervios debido a la presi\u00f3n.<\/p>\n\n\n\n<p>De esta manera, el s\u00edndrome puede desarrollarse en aquellas personas que desarrollan tareas diarias en las que realizan movimientos repetidos de mu\u00f1eca y dedos como:<\/p>\n\n\n\n<ul class=\"wp-block-list\">\n<li>Realizar prensi\u00f3n o pinza con las manos<\/li>\n\n\n\n<li>Flexionar la mu\u00f1eca<\/li>\n\n\n\n<li>Utilizar apoyos prolongados sobre el tal\u00f3n de la mano<\/li>\n\n\n\n<li>Realizar un golpeteo repetido<\/li>\n\n\n\n<li>Utilizar herramientas vibr\u00e1tiles con empu\u00f1adura en el tal\u00f3n de la mano regularmente<\/li>\n<\/ul>\n\n\n\n<p>As\u00ed es como se ven m\u00e1s propensas aquellas personas que realizan tareas de lavanderos, trabajadores de industria textil, hosteler\u00eda, electr\u00f3nica, carniceros, carpinteros y soldadores, entre otras.<\/p>\n\n\n\n<p>Aunque el s\u00edndrome del t\u00fanel carpiano es reconocido como una enfermedad profesional si se puede demostrar que es consecuencia directa de las condiciones laborales, tambi\u00e9n puede ser una consecuencia de condiciones m\u00e9dicas como artritis o diabetes, e incluso factores hereditarios.<\/p>\n\n\n\n<h2 class=\"wp-block-heading\">\u00bfSe puede trabajar con el s\u00edndrome del t\u00fanel carpiano?<\/h2>\n\n\n\n<p>Trabajar con el s\u00edndrome del t\u00fanel carpiano es posible, pero depende de la gravedad de los s\u00edntomas y del tipo de trabajo que se realice. En principio, es fundamental obtener un diagn\u00f3stico adecuado y una evaluaci\u00f3n de la gravedad: algunos empleados pueden manejar s\u00edntomas leves con ajustes, mientras que otros con s\u00edntomas severos pueden necesitar una intervenci\u00f3n m\u00e1s significativa.<\/p>\n\n\n\n<p>Por ejemplo, se pueden tomar descansos regulares, cambiar la forma de realizar tareas repetitivas o hasta utilizar soportes. En ese caso, <strong>f\u00e9rula tunel carpiano o mu\u00f1equera tunel carpiano<\/strong>, \u00bfqu\u00e9 elegir?&nbsp;<\/p>\n\n\n\n<p>El <a href=\"https:\/\/www.insst.es\/documents\/94886\/518407\/El%20s%C3%ADndrome%20del%20Tunel%20Carpiano.pdf\">Instituto Nacional de Seguridad y Salud en el Trabajo<\/a> explica que los profesionales de la salud suelen recomendar una f\u00e9rula de inmovilizaci\u00f3n con la mu\u00f1eca durante la noche, junto a un tratamiento con medicamentos.&nbsp;<\/p>\n\n\n\n<p>Al momento en que se reduce la inflamaci\u00f3n es fundamental realizar ejercicios de elongaci\u00f3n y fortalecimiento. Si este <strong>tunel carpiano tratamiento <\/strong>no funciona, el paso siguiente ser\u00eda&nbsp; una cirug\u00eda para aliviar la presi\u00f3n sobre el nervio mediano.&nbsp;<\/p>\n\n\n\n<h3 class=\"wp-block-heading\">\u00bfCu\u00e1ndo es aconsejable usar mu\u00f1equera tunel carpiano?<\/h3>\n\n\n\n<p>El uso de una <strong>mu\u00f1equera tunel carpiano <\/strong>puede ser una estrategia clave para aliviar los s\u00edntomas y prevenir el empeoramiento de la condici\u00f3n. As\u00ed, se podr\u00eda utilizar en los siguientes momentos:<\/p>\n\n\n\n<ul class=\"wp-block-list\">\n<li>Durante la noche: para mantener la mu\u00f1eca en una posici\u00f3n neutra, evitando movimientos involuntarios que puedan agravar los s\u00edntomas y para ayudar a reducir el dolor y el entumecimiento, mejorando la calidad del sue\u00f1o.<\/li>\n\n\n\n<li>Durante el trabajo: si implican movimientos repetitivos de la mu\u00f1eca, como escribir en un teclado, usar herramientas manuales o tocar instrumentos musicales, una mu\u00f1equera puede proporcionar soporte y reducir la tensi\u00f3n en el nervio mediano.<\/li>\n\n\n\n<li>Durante el d\u00eda: para ayudar a controlar los s\u00edntomas mientras se realizan las actividades cotidianas. Adem\u00e1s de que puede proporcionar un soporte adicional y permitir que la mu\u00f1eca descanse adecuadamente.<\/li>\n<\/ul>\n\n\n\n<h3 class=\"wp-block-heading\">\u00bfCu\u00e1ndo es necesario usar una f\u00e9rula tunel carpiano?<\/h3>\n\n\n\n<p>El uso de una f\u00e9rula para el t\u00fanel carpiano es necesario en diversas situaciones, como en la noche, al realizar actividades repetitivas o deportes que impliquen el uso de las manos. Lo cierto es que la <strong>f\u00e9rula tunel carpiano <\/strong>es ideal en las primeras etapas de la condici\u00f3n, ya que colabora a que empeore al reducir la tensi\u00f3n en el nervio mediano.<\/p>\n\n\n\n<p>Al ser una herramienta eficaz para proporcionar soporte, aliviar s\u00edntomas, y prevenir la progresi\u00f3n de la enfermedad, utilizarla durante periodos de reposo puede proporcionar soporte adicional y permitir que la mu\u00f1eca descanse adecuadamente.<\/p>\n\n\n\n<p>Tambi\u00e9n es ideal colocarla luego de realizar actividades que podr\u00edan haber tensionado la mu\u00f1eca, ya que puede ayudar a reducir la inflamaci\u00f3n y el dolor.<\/p>\n\n\n\n<p>Este tipo de elementos es necesario que sean utilizados bajo la recomendaci\u00f3n de un profesional de la salud, ya que ayudan a conseguir el tipo adecuado de f\u00e9rula y la forma correcta de usarla. Adem\u00e1s, se suele recomendar como parte de un plan de tratamiento integral, que puede incluir ejercicios, medicamentos y otras intervenciones terap\u00e9uticas.<\/p>\n\n\n\n<h2 class=\"wp-block-heading\">\u00bfC\u00f3mo es la operaci\u00f3n t\u00fanel carpiano? \u00bfEs recomendable?<\/h2>\n\n\n\n<p>En casos m\u00e1s avanzados o cr\u00f3nicos, lo m\u00e1s aconsejable es la <strong>operaci\u00f3n tunel carpiano<\/strong>, liberando el nervio atrapado en el t\u00fanel del carpo. Este tipo de cirug\u00eda est\u00e1 indicada en los casos como:&nbsp;<\/p>\n\n\n\n<ul class=\"wp-block-list\">\n<li>Si persisten los s\u00edntomas tras realizar un tratamiento m\u00e9dico<\/li>\n\n\n\n<li>Si el estudio neurofisiol\u00f3gico resulta patol\u00f3gico<\/li>\n\n\n\n<li>Si existe un d\u00e9ficit sensitivo o motor constante<\/li>\n\n\n\n<li>Si existen s\u00edntomas severos o progresivos con una evoluci\u00f3n superior a los 12 meses<\/li>\n<\/ul>\n\n\n\n<p>Existen dos tipos muy comunes de <strong>tunel carpiano operaci\u00f3n<\/strong>: la abierta y la endosc\u00f3pica. La primera de ellas, implica hacer una incisi\u00f3n en la palma de la mano para acceder al t\u00fanel carpiano. All\u00ed el cirujano corta el ligamento carpiano transverso para liberar la presi\u00f3n sobre el nervio mediano.<\/p>\n\n\n\n<p>Por otro lado, en la cirug\u00eda endosc\u00f3pica se realiza una o dos peque\u00f1as incisiones y se inserta un endoscopio, que es una c\u00e1mara peque\u00f1a, para guiar al cirujano mientras corta el ligamento carpiano transverso. Se trata de un procedimiento que requiere equipo especializado y puede ser t\u00e9cnicamente m\u00e1s dif\u00edcil.<\/p>\n\n\n\n<p>Es importante tener en cuenta que, si el empleado necesita pasar por este tipo de procedimientos, existe una <strong>indemnizaci\u00f3n por operaci\u00f3n t\u00fanel carpiano <\/strong>que puede variar con las circunstancias espec\u00edficas del caso.<\/p>\n\n\n\n<p>Adem\u00e1s, depende de factores como la gravedad de la lesi\u00f3n y el impacto en la capacidad de trabajo. \u00bfEs tu caso? Entonces ten en cuenta que para asegurar una indemnizaci\u00f3n adecuada, es esencial seguir los procedimientos correctos, mantener una buena documentaci\u00f3n m\u00e9dica, y considerar la consultor\u00eda legal si es necesario.&nbsp;<\/p>\n\n\n\n<h3 class=\"wp-block-heading\">Secuelas despu\u00e9s de operaci\u00f3n del t\u00fanel carpiano<\/h3>\n\n\n\n<p>\u00bfTe encuentras pensando en realizar este tipo de cirug\u00edas? Entonces debes tener en cuenta que, aunque generalmente es muy efectiva, puede tener algunas complicaciones. Una de las <strong>secuelas despu\u00e9s de operaci\u00f3n del t\u00fanel carpiano <\/strong>m\u00e1s comunes es el dolor en la zona de la incisi\u00f3n y la mu\u00f1eca durante las primeras semanas despu\u00e9s de la cirug\u00eda.<\/p>\n\n\n\n<p>Tambi\u00e9n se puede experimentar inflamaci\u00f3n alrededor de la zona operada, rigidez en los dedos y la mu\u00f1eca, sangrado o formaci\u00f3n de un hematoma y hasta entumecimiento, hormigueo o debilidad en la mano y los dedos. En raros casos tambi\u00e9n puede haber infecciones o lesiones nerviosas.<\/p>\n\n\n\n<h3 class=\"wp-block-heading\">\u00bfEs grande la cicatriz operaci\u00f3n t\u00fanel carpiano? \u00bfC\u00f3mo cuidarla?<\/h3>\n\n\n\n<p>El tama\u00f1o de la <strong>cicatriz operaci\u00f3n t\u00fanel carpiano <\/strong>depende del tipo de cirug\u00eda realizada: la cirug\u00eda abierta generalmente deja una cicatriz m\u00e1s grande y visible, mientras que la cirug\u00eda endosc\u00f3pica deja cicatrices m\u00e1s peque\u00f1as.&nbsp;<\/p>\n\n\n\n<p>En cualquiera de los casos, cuidar adecuadamente la cicatriz es fundamental para una buena curaci\u00f3n y para minimizar su apariencia en la piel. \u00bfNo sabes qu\u00e9 medidas tomar? No te preocupes, te contaremos algunos consejos b\u00e1sicos que debes tener en cuenta:<\/p>\n\n\n\n<ul class=\"wp-block-list\">\n<li>Mantener la herida limpia, lavando la zona de la incisi\u00f3n con agua y jab\u00f3n suave y secar con palmaditas suaves.<\/li>\n\n\n\n<li>Tener la herida cubierta con un vendaje est\u00e9ril para prevenir infecciones.<\/li>\n\n\n\n<li>Evite movimientos que puedan estirar la cicatriz.&nbsp;<\/li>\n\n\n\n<li>A medida que la herida cicatrice, mover la mano y la mu\u00f1eca gradualmente para evitar rigidez.<\/li>\n\n\n\n<li>Aplicar cremas o geles hidratantes como la vaselina, el aloe vera o productos espec\u00edficos para cicatrices puede ayudar a mantener la piel suave y flexible.<\/li>\n\n\n\n<li>Masajear suavemente la cicatriz con movimientos circulares.<\/li>\n\n\n\n<li>Utilizar protector solar de amplio espectro con un SPF alto cuando exponga la cicatriz al sol.<\/li>\n\n\n\n<li>Utilizar ropa o vendajes que protejan la cicatriz del sol cuando est\u00e9 al aire libre.<\/li>\n\n\n\n<li>Realizar tratamientos especializados como parches de silicona o terapias con l\u00e1ser para mejorar la apariencia.<\/li>\n<\/ul>\n\n\n\n<p>El mejor modo de evitar enfermedades laborales es cuidar la salud con el equipamiento de seguridad adecuado. Para equipar a tu plantilla con los mejores productos, \u00a1visita la <a href=\"https:\/\/www.masproteccionlaboral.com\/\">tienda en l\u00ednea de M\u00e1s Protecci\u00f3n Laboral<\/a> ahora!<\/p>\n","protected":false},"excerpt":{"rendered":"<p>La salud laboral es un aspecto importante, ya que existen una gran variedad de enfermedades profesionales causadas por agentes qu\u00edmicos<\/p>\n","protected":false},"author":3,"featured_media":982,"comment_status":"closed","ping_status":"closed","sticky":false,"template":"","format":"standard","meta":{"footnotes":""},"categories":[24],"tags":[],"class_list":["post-975","post","type-post","status-publish","format-standard","has-post-thumbnail","hentry","category-prevencion-de-riesgos-laborales"],"yoast_head":"<!-- This site is optimized with the Yoast SEO plugin v25.6 - https:\/\/yoast.com\/wordpress\/plugins\/seo\/ -->\n<title>\u00bfSe puede trabajar con el s\u00edndrome del t\u00fanel carpiano?<\/title>\n<meta name=\"description\" content=\"Aprende c\u00f3mo realizar tus actividades laborales con el s\u00edndrome del t\u00fanel carpiano y descubre los mejores tratamientos de la enfermedad.\" \/>\n<meta name=\"robots\" content=\"index, follow, max-snippet:-1, max-image-preview:large, max-video-preview:-1\" \/>\n<link rel=\"canonical\" href=\"https:\/\/www.masproteccionlaboral.com\/blog\/se-puede-trabajar-con-el-sindrome-del-tunel-carpiano.html\" \/>\n<meta property=\"og:locale\" content=\"es_ES\" \/>\n<meta property=\"og:type\" content=\"article\" \/>\n<meta property=\"og:title\" content=\"\u00bfSe puede trabajar con el s\u00edndrome del t\u00fanel carpiano?\" \/>\n<meta property=\"og:description\" content=\"Aprende c\u00f3mo realizar tus actividades laborales con el s\u00edndrome del t\u00fanel carpiano y descubre los mejores tratamientos de la enfermedad.\" \/>\n<meta property=\"og:url\" content=\"https:\/\/www.masproteccionlaboral.com\/blog\/se-puede-trabajar-con-el-sindrome-del-tunel-carpiano.html\" \/>\n<meta property=\"og:site_name\" content=\"Blog de Masprotecci\u00f3n Laboral\" \/>\n<meta property=\"article:published_time\" content=\"2024-07-23T09:00:00+00:00\" \/>\n<meta property=\"og:image\" content=\"https:\/\/www.masproteccionlaboral.com\/blog\/wp-content\/uploads\/2024\/06\/se-puede-trabajar-con-el-sindrome-del-tunel-carpiano.jpg\" \/>\n\t<meta property=\"og:image:width\" content=\"768\" \/>\n\t<meta property=\"og:image:height\" content=\"512\" \/>\n\t<meta property=\"og:image:type\" content=\"image\/jpeg\" \/>\n<meta name=\"author\" content=\"Greta Fedeli\" \/>\n<meta name=\"twitter:card\" content=\"summary_large_image\" \/>\n<meta name=\"twitter:label1\" content=\"Escrito por\" \/>\n\t<meta name=\"twitter:data1\" content=\"Greta Fedeli\" \/>\n\t<meta name=\"twitter:label2\" content=\"Tiempo de lectura\" \/>\n\t<meta name=\"twitter:data2\" content=\"8 minutos\" \/>\n<script type=\"application\/ld+json\" class=\"yoast-schema-graph\">{\"@context\":\"https:\/\/schema.org\",\"@graph\":[{\"@type\":\"Article\",\"@id\":\"https:\/\/www.masproteccionlaboral.com\/blog\/se-puede-trabajar-con-el-sindrome-del-tunel-carpiano.html#article\",\"isPartOf\":{\"@id\":\"https:\/\/www.masproteccionlaboral.com\/blog\/se-puede-trabajar-con-el-sindrome-del-tunel-carpiano.html\"},\"author\":{\"name\":\"Greta Fedeli\",\"@id\":\"https:\/\/www.masproteccionlaboral.com\/blog\/#\/schema\/person\/35dcfa79331bb58be541f05d6a2f413e\"},\"headline\":\"\u00bfSe puede trabajar con el s\u00edndrome del t\u00fanel carpiano?\",\"datePublished\":\"2024-07-23T09:00:00+00:00\",\"mainEntityOfPage\":{\"@id\":\"https:\/\/www.masproteccionlaboral.com\/blog\/se-puede-trabajar-con-el-sindrome-del-tunel-carpiano.html\"},\"wordCount\":1776,\"publisher\":{\"@id\":\"https:\/\/www.masproteccionlaboral.com\/blog\/#organization\"},\"image\":{\"@id\":\"https:\/\/www.masproteccionlaboral.com\/blog\/se-puede-trabajar-con-el-sindrome-del-tunel-carpiano.html#primaryimage\"},\"thumbnailUrl\":\"https:\/\/www.masproteccionlaboral.com\/blog\/wp-content\/uploads\/2024\/06\/se-puede-trabajar-con-el-sindrome-del-tunel-carpiano.jpg\",\"articleSection\":[\"Prevenci\u00f3n de Riesgos Laborales\"],\"inLanguage\":\"es\"},{\"@type\":\"WebPage\",\"@id\":\"https:\/\/www.masproteccionlaboral.com\/blog\/se-puede-trabajar-con-el-sindrome-del-tunel-carpiano.html\",\"url\":\"https:\/\/www.masproteccionlaboral.com\/blog\/se-puede-trabajar-con-el-sindrome-del-tunel-carpiano.html\",\"name\":\"\u00bfSe puede trabajar con el s\u00edndrome del t\u00fanel carpiano?\",\"isPartOf\":{\"@id\":\"https:\/\/www.masproteccionlaboral.com\/blog\/#website\"},\"primaryImageOfPage\":{\"@id\":\"https:\/\/www.masproteccionlaboral.com\/blog\/se-puede-trabajar-con-el-sindrome-del-tunel-carpiano.html#primaryimage\"},\"image\":{\"@id\":\"https:\/\/www.masproteccionlaboral.com\/blog\/se-puede-trabajar-con-el-sindrome-del-tunel-carpiano.html#primaryimage\"},\"thumbnailUrl\":\"https:\/\/www.masproteccionlaboral.com\/blog\/wp-content\/uploads\/2024\/06\/se-puede-trabajar-con-el-sindrome-del-tunel-carpiano.jpg\",\"datePublished\":\"2024-07-23T09:00:00+00:00\",\"description\":\"Aprende c\u00f3mo realizar tus actividades laborales con el s\u00edndrome del t\u00fanel carpiano y descubre los mejores tratamientos de la enfermedad.\",\"breadcrumb\":{\"@id\":\"https:\/\/www.masproteccionlaboral.com\/blog\/se-puede-trabajar-con-el-sindrome-del-tunel-carpiano.html#breadcrumb\"},\"inLanguage\":\"es\",\"potentialAction\":[{\"@type\":\"ReadAction\",\"target\":[\"https:\/\/www.masproteccionlaboral.com\/blog\/se-puede-trabajar-con-el-sindrome-del-tunel-carpiano.html\"]}]},{\"@type\":\"ImageObject\",\"inLanguage\":\"es\",\"@id\":\"https:\/\/www.masproteccionlaboral.com\/blog\/se-puede-trabajar-con-el-sindrome-del-tunel-carpiano.html#primaryimage\",\"url\":\"https:\/\/www.masproteccionlaboral.com\/blog\/wp-content\/uploads\/2024\/06\/se-puede-trabajar-con-el-sindrome-del-tunel-carpiano.jpg\",\"contentUrl\":\"https:\/\/www.masproteccionlaboral.com\/blog\/wp-content\/uploads\/2024\/06\/se-puede-trabajar-con-el-sindrome-del-tunel-carpiano.jpg\",\"width\":768,\"height\":512,\"caption\":\"\u00bfSe puede trabajar con el s\u00edndrome del t\u00fanel carpiano?\"},{\"@type\":\"BreadcrumbList\",\"@id\":\"https:\/\/www.masproteccionlaboral.com\/blog\/se-puede-trabajar-con-el-sindrome-del-tunel-carpiano.html#breadcrumb\",\"itemListElement\":[{\"@type\":\"ListItem\",\"position\":1,\"name\":\"Portada\",\"item\":\"https:\/\/www.masproteccionlaboral.com\/blog\/\"},{\"@type\":\"ListItem\",\"position\":2,\"name\":\"\u00bfSe puede trabajar con el s\u00edndrome del t\u00fanel carpiano?\"}]},{\"@type\":\"WebSite\",\"@id\":\"https:\/\/www.masproteccionlaboral.com\/blog\/#website\",\"url\":\"https:\/\/www.masproteccionlaboral.com\/blog\/\",\"name\":\"Blog de Masprotecci\u00f3n Laboral\",\"description\":\"Blog de Protecci\u00f3n laboral\",\"publisher\":{\"@id\":\"https:\/\/www.masproteccionlaboral.com\/blog\/#organization\"},\"potentialAction\":[{\"@type\":\"SearchAction\",\"target\":{\"@type\":\"EntryPoint\",\"urlTemplate\":\"https:\/\/www.masproteccionlaboral.com\/blog\/?s={search_term_string}\"},\"query-input\":{\"@type\":\"PropertyValueSpecification\",\"valueRequired\":true,\"valueName\":\"search_term_string\"}}],\"inLanguage\":\"es\"},{\"@type\":\"Organization\",\"@id\":\"https:\/\/www.masproteccionlaboral.com\/blog\/#organization\",\"name\":\"Blog de Masprotecci\u00f3n Laboral\",\"url\":\"https:\/\/www.masproteccionlaboral.com\/blog\/\",\"logo\":{\"@type\":\"ImageObject\",\"inLanguage\":\"es\",\"@id\":\"https:\/\/www.masproteccionlaboral.com\/blog\/#\/schema\/logo\/image\/\",\"url\":\"https:\/\/www.masproteccionlaboral.com\/blog\/wp-content\/uploads\/2021\/12\/logo-cabecera.png\",\"contentUrl\":\"https:\/\/www.masproteccionlaboral.com\/blog\/wp-content\/uploads\/2021\/12\/logo-cabecera.png\",\"width\":332,\"height\":60,\"caption\":\"Blog de Masprotecci\u00f3n Laboral\"},\"image\":{\"@id\":\"https:\/\/www.masproteccionlaboral.com\/blog\/#\/schema\/logo\/image\/\"}},{\"@type\":\"Person\",\"@id\":\"https:\/\/www.masproteccionlaboral.com\/blog\/#\/schema\/person\/35dcfa79331bb58be541f05d6a2f413e\",\"name\":\"Greta Fedeli\",\"image\":{\"@type\":\"ImageObject\",\"inLanguage\":\"es\",\"@id\":\"https:\/\/www.masproteccionlaboral.com\/blog\/#\/schema\/person\/image\/\",\"url\":\"https:\/\/secure.gravatar.com\/avatar\/ede8231896c0e48ed7e565221ba1cb77?s=96&d=mm&r=g\",\"contentUrl\":\"https:\/\/secure.gravatar.com\/avatar\/ede8231896c0e48ed7e565221ba1cb77?s=96&d=mm&r=g\",\"caption\":\"Greta Fedeli\"},\"sameAs\":[\"https:\/\/www.linkedin.com\/in\/greta-fedeli-736a074a\/\"],\"url\":\"https:\/\/www.masproteccionlaboral.com\/blog\/author\/fedeligretagmail-com\"}]}<\/script>\n<!-- \/ Yoast SEO plugin. -->","yoast_head_json":{"title":"\u00bfSe puede trabajar con el s\u00edndrome del t\u00fanel carpiano?","description":"Aprende c\u00f3mo realizar tus actividades laborales con el s\u00edndrome del t\u00fanel carpiano y descubre los mejores tratamientos de la enfermedad.","robots":{"index":"index","follow":"follow","max-snippet":"max-snippet:-1","max-image-preview":"max-image-preview:large","max-video-preview":"max-video-preview:-1"},"canonical":"https:\/\/www.masproteccionlaboral.com\/blog\/se-puede-trabajar-con-el-sindrome-del-tunel-carpiano.html","og_locale":"es_ES","og_type":"article","og_title":"\u00bfSe puede trabajar con el s\u00edndrome del t\u00fanel carpiano?","og_description":"Aprende c\u00f3mo realizar tus actividades laborales con el s\u00edndrome del t\u00fanel carpiano y descubre los mejores tratamientos de la enfermedad.","og_url":"https:\/\/www.masproteccionlaboral.com\/blog\/se-puede-trabajar-con-el-sindrome-del-tunel-carpiano.html","og_site_name":"Blog de Masprotecci\u00f3n Laboral","article_published_time":"2024-07-23T09:00:00+00:00","og_image":[{"width":768,"height":512,"url":"https:\/\/www.masproteccionlaboral.com\/blog\/wp-content\/uploads\/2024\/06\/se-puede-trabajar-con-el-sindrome-del-tunel-carpiano.jpg","type":"image\/jpeg"}],"author":"Greta Fedeli","twitter_card":"summary_large_image","twitter_misc":{"Escrito por":"Greta Fedeli","Tiempo de lectura":"8 minutos"},"schema":{"@context":"https:\/\/schema.org","@graph":[{"@type":"Article","@id":"https:\/\/www.masproteccionlaboral.com\/blog\/se-puede-trabajar-con-el-sindrome-del-tunel-carpiano.html#article","isPartOf":{"@id":"https:\/\/www.masproteccionlaboral.com\/blog\/se-puede-trabajar-con-el-sindrome-del-tunel-carpiano.html"},"author":{"name":"Greta Fedeli","@id":"https:\/\/www.masproteccionlaboral.com\/blog\/#\/schema\/person\/35dcfa79331bb58be541f05d6a2f413e"},"headline":"\u00bfSe puede trabajar con el s\u00edndrome del t\u00fanel carpiano?","datePublished":"2024-07-23T09:00:00+00:00","mainEntityOfPage":{"@id":"https:\/\/www.masproteccionlaboral.com\/blog\/se-puede-trabajar-con-el-sindrome-del-tunel-carpiano.html"},"wordCount":1776,"publisher":{"@id":"https:\/\/www.masproteccionlaboral.com\/blog\/#organization"},"image":{"@id":"https:\/\/www.masproteccionlaboral.com\/blog\/se-puede-trabajar-con-el-sindrome-del-tunel-carpiano.html#primaryimage"},"thumbnailUrl":"https:\/\/www.masproteccionlaboral.com\/blog\/wp-content\/uploads\/2024\/06\/se-puede-trabajar-con-el-sindrome-del-tunel-carpiano.jpg","articleSection":["Prevenci\u00f3n de Riesgos Laborales"],"inLanguage":"es"},{"@type":"WebPage","@id":"https:\/\/www.masproteccionlaboral.com\/blog\/se-puede-trabajar-con-el-sindrome-del-tunel-carpiano.html","url":"https:\/\/www.masproteccionlaboral.com\/blog\/se-puede-trabajar-con-el-sindrome-del-tunel-carpiano.html","name":"\u00bfSe puede trabajar con el s\u00edndrome del t\u00fanel carpiano?","isPartOf":{"@id":"https:\/\/www.masproteccionlaboral.com\/blog\/#website"},"primaryImageOfPage":{"@id":"https:\/\/www.masproteccionlaboral.com\/blog\/se-puede-trabajar-con-el-sindrome-del-tunel-carpiano.html#primaryimage"},"image":{"@id":"https:\/\/www.masproteccionlaboral.com\/blog\/se-puede-trabajar-con-el-sindrome-del-tunel-carpiano.html#primaryimage"},"thumbnailUrl":"https:\/\/www.masproteccionlaboral.com\/blog\/wp-content\/uploads\/2024\/06\/se-puede-trabajar-con-el-sindrome-del-tunel-carpiano.jpg","datePublished":"2024-07-23T09:00:00+00:00","description":"Aprende c\u00f3mo realizar tus actividades laborales con el s\u00edndrome del t\u00fanel carpiano y descubre los mejores tratamientos de la enfermedad.","breadcrumb":{"@id":"https:\/\/www.masproteccionlaboral.com\/blog\/se-puede-trabajar-con-el-sindrome-del-tunel-carpiano.html#breadcrumb"},"inLanguage":"es","potentialAction":[{"@type":"ReadAction","target":["https:\/\/www.masproteccionlaboral.com\/blog\/se-puede-trabajar-con-el-sindrome-del-tunel-carpiano.html"]}]},{"@type":"ImageObject","inLanguage":"es","@id":"https:\/\/www.masproteccionlaboral.com\/blog\/se-puede-trabajar-con-el-sindrome-del-tunel-carpiano.html#primaryimage","url":"https:\/\/www.masproteccionlaboral.com\/blog\/wp-content\/uploads\/2024\/06\/se-puede-trabajar-con-el-sindrome-del-tunel-carpiano.jpg","contentUrl":"https:\/\/www.masproteccionlaboral.com\/blog\/wp-content\/uploads\/2024\/06\/se-puede-trabajar-con-el-sindrome-del-tunel-carpiano.jpg","width":768,"height":512,"caption":"\u00bfSe puede trabajar con el s\u00edndrome del t\u00fanel carpiano?"},{"@type":"BreadcrumbList","@id":"https:\/\/www.masproteccionlaboral.com\/blog\/se-puede-trabajar-con-el-sindrome-del-tunel-carpiano.html#breadcrumb","itemListElement":[{"@type":"ListItem","position":1,"name":"Portada","item":"https:\/\/www.masproteccionlaboral.com\/blog\/"},{"@type":"ListItem","position":2,"name":"\u00bfSe puede trabajar con el s\u00edndrome del t\u00fanel carpiano?"}]},{"@type":"WebSite","@id":"https:\/\/www.masproteccionlaboral.com\/blog\/#website","url":"https:\/\/www.masproteccionlaboral.com\/blog\/","name":"Blog de Masprotecci\u00f3n Laboral","description":"Blog de Protecci\u00f3n laboral","publisher":{"@id":"https:\/\/www.masproteccionlaboral.com\/blog\/#organization"},"potentialAction":[{"@type":"SearchAction","target":{"@type":"EntryPoint","urlTemplate":"https:\/\/www.masproteccionlaboral.com\/blog\/?s={search_term_string}"},"query-input":{"@type":"PropertyValueSpecification","valueRequired":true,"valueName":"search_term_string"}}],"inLanguage":"es"},{"@type":"Organization","@id":"https:\/\/www.masproteccionlaboral.com\/blog\/#organization","name":"Blog de Masprotecci\u00f3n Laboral","url":"https:\/\/www.masproteccionlaboral.com\/blog\/","logo":{"@type":"ImageObject","inLanguage":"es","@id":"https:\/\/www.masproteccionlaboral.com\/blog\/#\/schema\/logo\/image\/","url":"https:\/\/www.masproteccionlaboral.com\/blog\/wp-content\/uploads\/2021\/12\/logo-cabecera.png","contentUrl":"https:\/\/www.masproteccionlaboral.com\/blog\/wp-content\/uploads\/2021\/12\/logo-cabecera.png","width":332,"height":60,"caption":"Blog de Masprotecci\u00f3n Laboral"},"image":{"@id":"https:\/\/www.masproteccionlaboral.com\/blog\/#\/schema\/logo\/image\/"}},{"@type":"Person","@id":"https:\/\/www.masproteccionlaboral.com\/blog\/#\/schema\/person\/35dcfa79331bb58be541f05d6a2f413e","name":"Greta Fedeli","image":{"@type":"ImageObject","inLanguage":"es","@id":"https:\/\/www.masproteccionlaboral.com\/blog\/#\/schema\/person\/image\/","url":"https:\/\/secure.gravatar.com\/avatar\/ede8231896c0e48ed7e565221ba1cb77?s=96&d=mm&r=g","contentUrl":"https:\/\/secure.gravatar.com\/avatar\/ede8231896c0e48ed7e565221ba1cb77?s=96&d=mm&r=g","caption":"Greta Fedeli"},"sameAs":["https:\/\/www.linkedin.com\/in\/greta-fedeli-736a074a\/"],"url":"https:\/\/www.masproteccionlaboral.com\/blog\/author\/fedeligretagmail-com"}]}},"_links":{"self":[{"href":"https:\/\/www.masproteccionlaboral.com\/blog\/wp-json\/wp\/v2\/posts\/975"}],"collection":[{"href":"https:\/\/www.masproteccionlaboral.com\/blog\/wp-json\/wp\/v2\/posts"}],"about":[{"href":"https:\/\/www.masproteccionlaboral.com\/blog\/wp-json\/wp\/v2\/types\/post"}],"author":[{"embeddable":true,"href":"https:\/\/www.masproteccionlaboral.com\/blog\/wp-json\/wp\/v2\/users\/3"}],"replies":[{"embeddable":true,"href":"https:\/\/www.masproteccionlaboral.com\/blog\/wp-json\/wp\/v2\/comments?post=975"}],"version-history":[{"count":1,"href":"https:\/\/www.masproteccionlaboral.com\/blog\/wp-json\/wp\/v2\/posts\/975\/revisions"}],"predecessor-version":[{"id":983,"href":"https:\/\/www.masproteccionlaboral.com\/blog\/wp-json\/wp\/v2\/posts\/975\/revisions\/983"}],"wp:featuredmedia":[{"embeddable":true,"href":"https:\/\/www.masproteccionlaboral.com\/blog\/wp-json\/wp\/v2\/media\/982"}],"wp:attachment":[{"href":"https:\/\/www.masproteccionlaboral.com\/blog\/wp-json\/wp\/v2\/media?parent=975"}],"wp:term":[{"taxonomy":"category","embeddable":true,"href":"https:\/\/www.masproteccionlaboral.com\/blog\/wp-json\/wp\/v2\/categories?post=975"},{"taxonomy":"post_tag","embeddable":true,"href":"https:\/\/www.masproteccionlaboral.com\/blog\/wp-json\/wp\/v2\/tags?post=975"}],"curies":[{"name":"wp","href":"https:\/\/api.w.org\/{rel}","templated":true}]}}