{"id":536,"date":"2023-08-08T09:00:00","date_gmt":"2023-08-08T09:00:00","guid":{"rendered":"https:\/\/www.masproteccionlaboral.com\/blog\/?p=536"},"modified":"2024-01-09T15:24:10","modified_gmt":"2024-01-09T15:24:10","slug":"temperatura-maxima-para-trabajar","status":"publish","type":"post","link":"https:\/\/www.masproteccionlaboral.com\/blog\/temperatura-maxima-para-trabajar.html","title":{"rendered":"Temperatura m\u00e1xima para trabajar con seguridad"},"content":{"rendered":"\n<p>Garantizar la seguridad y la salud de la plantilla en los espacios de trabajo es un desaf\u00edo para los responsables del sector. Para proteger a cada individuo, es necesario analizar las maquinarias usadas, el uniforme de trabajo, las tareas a realizar y las condiciones del espacio laboral. Sin duda, el clima es uno de los principales agravantes del estado de la plantilla. Las temperaturas extremas, las lluvias, las nevadas y las r\u00e1fagas fuertes de viento son una verdadera amenaza para la integridad f\u00edsica de las personas trabajadoras. \u00bfC\u00f3mo se asegura el bienestar de la plantilla frente a condiciones meteorol\u00f3gicas adversas? La respuesta est\u00e1 en respetar los l\u00edmites fijados y las recomendaciones establecidas por la normativa vigente como, por ejemplo, conocer cu\u00e1l es la <strong>temperatura m\u00e1xima para trabajar<\/strong>.<\/p>\n\n\n\n<p>Desde M\u00e1s Protecci\u00f3n Laboral, creemos que es clave saber cu\u00e1les son las indicaciones para llevar adelante un plan eficiente de prevenci\u00f3n de riesgos. Por eso, en este art\u00edculo, te acercamos todo lo que debes conocer sobre<strong> temperaturas m\u00e1ximas para trabajar<\/strong>. \u00a1Este verano protege a tu plantilla como un profesional!<\/p>\n\n\n\n<h2 class=\"wp-block-heading\">\u00bfQu\u00e9 impacto tienen las temperaturas m\u00e1ximas para trabajar?<\/h2>\n\n\n\n<p>Las condiciones meteorol\u00f3gicas afectan directa e indirectamente a los trabajadores. Por ejemplo, cuando llueve torrencialmente, se generan acumulaciones de agua que pueden representar una amenaza para la integridad f\u00edsica de las personas trabajadoras. Los suelos resbaladizos aumentan el riesgo de sufrir ca\u00eddas mientras que las superficies mojadas pueden incrementar los peligros de electrocuci\u00f3n o descarga el\u00e9ctrica cuando se realizan labores en la red de electricidad. Pero eso no es todo. De manera indirecta, la lluvia puede resultar molesta. Eso genera incomodidad en la plantilla y, por lo tanto, es posible que afecte la capacidad productiva del grupo de trabajo.<\/p>\n\n\n\n<p>La temperatura produce efectos similares sobre el personal de una empresa o negocio. En una primera instancia, se puede pensar que el fr\u00edo representa un peligro a\u00fan mayor que el calor. Pero, no siempre es as\u00ed. Si bien las temperaturas bajas aumentan el riesgo de congelamiento, el tiempo de exposici\u00f3n del usuario tiene que ser considerablemente mayor en un entorno fr\u00edo para verse gravemente afectado. En cambio, cuando se trata de clima caluroso, la exposici\u00f3n breve pero en las horas de mayor intensidad ya puede ser desequilibrante.&nbsp;<\/p>\n\n\n\n<p>Es importante conocer cu\u00e1l es la<strong> temperatura m\u00e1xima para trabajar <\/strong>en cada entorno laboral espec\u00edfico porque las consecuencias de la exposici\u00f3n a altas temperaturas puede ser mortal.<\/p>\n\n\n\n<p>Pero, \u00bfqu\u00e9 impacto tiene el calor en el cuerpo? El organismo expuesto a temperaturas extremas puede sufrir de estr\u00e9s t\u00e9rmico. El estr\u00e9s t\u00e9rmico es un cuadro que se presenta cuando la temperatura corporal cambia radicalmente en un lapso breve de tiempo, ya sea por acumulaci\u00f3n o por p\u00e9rdida de calor. Las consecuencias de un golpe de calor o de un diagn\u00f3stico de estr\u00e9s t\u00e9rmico pueden ser mortales para el paciente. Por eso, la prevenci\u00f3n es la estrategia recomendada para disminuir las posibles adversidades provocadas por el calor.<\/p>\n\n\n\n<h2 class=\"wp-block-heading\">\u00bfCu\u00e1l es la temperatura m\u00e1xima para trabajar?<\/h2>\n\n\n\n<p>La mejor manera de prevenir un estr\u00e9s t\u00e9rmico, un golpe de calor, insolaciones o descompensaciones es conocer cu\u00e1l es la <strong>temperatura m\u00e1xima para trabajar<\/strong>. De este modo, se pueden evitar accidentes relacionados con la acumulaci\u00f3n de calor, crear estrategias eficientes de prevenci\u00f3n y desarrollar planes de acci\u00f3n para socorrer a los usuarios ante posibles emergencias.<\/p>\n\n\n\n<p>A continuaci\u00f3n, descubre cu\u00e1les son los l\u00edmites en los diferentes entornos de trabajo. \u00a1Sigue leyendo para aprender m\u00e1s sobre temperaturas m\u00e1ximas!<\/p>\n\n\n\n<h3 class=\"wp-block-heading\">L\u00edmite de temperatura en la oficina<\/h3>\n\n\n\n<p>El l\u00edmite de temperatura permitido se establece por dos razones principalmente. En primer lugar, para mantener el buen estado de salud de las personas trabajadoras porque, al pasar de un entorno fr\u00edo a uno caliente, \u00e9ste puede verse alterado. En segundo lugar, porque establecer un l\u00edmite conlleva a un ahorro de energ\u00eda y un aumento de la eficiencia en un contexto de crisis energ\u00e9tica. Por estas razones, la<strong> temperatura en oficinas<\/strong> debe estar entre los 17 y los 27 grados. Este rango aplica a los trabajos sedentarios, donde la persona trabajadora no se ve obligada a realizar grandes esfuerzos f\u00edsicos en el cumplimiento de sus tareas.<\/p>\n\n\n\n<h3 class=\"wp-block-heading\">Temperatura m\u00e1xima para trabajar en f\u00e1bricas<\/h3>\n\n\n\n<p>En los espacios cerrados, los l\u00edmites de temperatura cambian seg\u00fan el tipo de actividad. En el caso de las f\u00e1bricas, se recomienda que la temperatura est\u00e9 entre los 14 y los 25 grados si se realizan trabajos f\u00edsicos ligeros. De este modo, se evitan consecuencias que puedan repercutir en la salud de la plantilla. Adem\u00e1s la normativa actual establece que la humedad relativa del ambiente debe mantenerse entre un treinta y un setenta por ciento tanto en lugares donde se hacen trabajos ligeros como en oficinas donde la labor es sedentaria.<\/p>\n\n\n\n<h3 class=\"wp-block-heading\">L\u00edmite de exposici\u00f3n al sol en espacios abiertos<\/h3>\n\n\n\n<p>No existe una regulaci\u00f3n de los l\u00edmites de temperaturas en espacios abiertos ya que no es posible regularla ni bajarla de manera eficiente. No obstante, puedes encontrar una serie de indicaciones y recomendaciones para mejorar la calidad de la jornada laboral de las personas trabajadoras.&nbsp;<\/p>\n\n\n\n<p>Con el fin de asegurar el bienestar de la plantilla, se aconseja evitar la exposici\u00f3n durante las horas centrales de calor, que ser\u00edan entre las diez de la ma\u00f1ana y las cinco de la tarde. Adem\u00e1s, el responsable deber\u00e1 proveer agua para asegurar la correcta hidrataci\u00f3n de la plantilla. Siempre que se pueda, se aconseja la colocaci\u00f3n de ventiladores y telas para crear espacios de sombra donde los trabajadores puedan descansar.&nbsp;<\/p>\n\n\n\n<p>Otro consejo es rotar los puestos laborales para evitar una exposici\u00f3n prolongada. Pero, sin duda, un aspecto fundamental de la prevenci\u00f3n es utilizar equipamiento de verano. Equipa a tu plantilla con ropa de trabajo para verano, calzados respirables, gorros y gafas de sol. Protege a tu plantilla, aumenta su comodidad y obtiene mayor rentabilidad.&nbsp;<\/p>\n\n\n\n<h2 class=\"wp-block-heading\">Uso del aire acondicionado y regulaci\u00f3n de eficiencia energ\u00e9tica en el trabajo<\/h2>\n\n\n\n<p>La crisis energ\u00e9tica mundial est\u00e1 forzando a los gobiernos y a las empresas a tomar el camino de la sustentabilidad para aumentar la eficiencia energ\u00e9tica y reducir las emisiones de carbono. La innovaci\u00f3n en el desarrollo de dispositivos para que funcionen con un menor consumo de energ\u00eda y la regulaci\u00f3n del uso de algunos equipos son dos estrategias que se han puesto en pr\u00e1ctica para minimizar el impacto del cambio clim\u00e1tico.<\/p>\n\n\n\n<p>En este sentido, la normativa actual se\u00f1ala que el aire acondicionado no puede colocarse por debajo de los 27\u00b0C en locales y oficinas interiores durante el verano. Mientras que la calefacci\u00f3n no puede superar los 19\u00b0C en invierno. Se trata de una medida justificada por la necesidad de reducir el consumo energ\u00e9tico, \u00bfpero se puede respetar?&nbsp;<\/p>\n\n\n\n<p>El caso es el siguiente. Cada a\u00f1o, las temperaturas aumentan por los cambios clim\u00e1ticos. Por eso, se han establecido<strong> temperaturas m\u00e1ximas para trabajar <\/strong>con el prop\u00f3sito de resguardar la salud y la seguridad de la plantilla. Sin embargo, la crisis energ\u00e9tica exige que se determinen l\u00edmites en el consumo, lo que implica limitar el uso de los aires acondicionados. Entonces, en un contexto de temperaturas extremas que van entre los 40\u00b0C y los 50\u00b0C de sensaci\u00f3n t\u00e9rmica, la cuesti\u00f3n es c\u00f3mo reducir la temperatura a los niveles recomendados para trabajar sin hacer un uso desmedido del aire acondicionado. Este es el desaf\u00edo actual al que se enfrentan la mayor\u00eda de los responsables de los espacios laborales.&nbsp;<\/p>\n\n\n\n<h2 class=\"wp-block-heading\">Otros recaudos para trabajar con altas temperaturas<\/h2>\n\n\n\n<p>La informaci\u00f3n es la principal herramienta para garantizar la seguridad de las personas trabajadoras. Conocer las amenazas que incrementan los riesgos presentes en un lugar de trabajo, las exigencias de las normativas vigentes y las estrategias de prevenci\u00f3n para evitar accidentes es el mejor modo de ofrecer mayor seguridad y salud al personal. Pero el beneficio no lo disfruta \u00fanicamente la persona trabajadora.&nbsp;<\/p>\n\n\n\n<p>El empresario se ve beneficiado con la aplicaci\u00f3n de las estrategias correctas de prevenci\u00f3n. Ya que, de este modo, el trabajador est\u00e1 seguro y c\u00f3modo, lo que mejora sus niveles de productividad. Adem\u00e1s, al asegurar la buena salud de la persona trabajadora, se minimizan las ausencias y las bajas laborales por accidentes, diagn\u00f3sticos de estr\u00e9s t\u00e9rmico o golpes de calor.&nbsp;<\/p>\n\n\n\n<p>\u00bfQu\u00e9 tips para trabajar seguro durante las altas temperaturas tengo que tener en cuenta si quiero mejorar la experiencia de mi plantilla?<\/p>\n\n\n\n<ul class=\"wp-block-list\">\n<li>Ofrece agua fresca a los trabajadores y aseg\u00farate de que se mantengan hidratados.&nbsp;<\/li>\n\n\n\n<li>Considera que las altas temperaturas bajan el rendimiento de las personas. Reorganiza la distribuci\u00f3n de tareas y restablece los tiempos de trabajo para que se respeten las pautas sin sufrir consecuencias indeseables.&nbsp;<\/li>\n\n\n\n<li>Coloca al menos un aire acondicionado o ventilador en el espacio de trabajo.<\/li>\n\n\n\n<li>Equipa a tu plantilla con prendas de vestir frescas, ligeras y c\u00f3modas. Elige calzados confortables, respirables y flexibles, adem\u00e1s de proveer gorras, sombreros, gafas de sol y todo los accesorios necesarios para evitar que el sol lastime la piel.&nbsp;<\/li>\n<\/ul>\n\n\n\n<p>\u00bfEst\u00e1s buscando<strong> ropa laboral de verano<\/strong> para tu empresa? En la tienda de M\u00e1s Protecci\u00f3n Laboral, encontrar\u00e1s una amplia variedad de modelos y marcas. Compra <strong>uniformes de verano<\/strong>, camisetas, pantalones cortos, bermudas, sombreros, gorros, sandalias y zapatillas para que tu plantilla luzca formal sin dejar de estar c\u00f3moda.&nbsp;<\/p>\n\n\n\n<p>\u00a1Visita ahora la <a href=\"https:\/\/www.masproteccionlaboral.com\">tienda en l\u00ednea de M\u00e1s Protecci\u00f3n Laboral<\/a>!<\/p>\n","protected":false},"excerpt":{"rendered":"<p>Garantizar la seguridad y la salud de la plantilla en los espacios de trabajo es un desaf\u00edo para los responsables<\/p>\n","protected":false},"author":2,"featured_media":543,"comment_status":"closed","ping_status":"closed","sticky":false,"template":"","format":"standard","meta":{"footnotes":""},"categories":[24],"tags":[228,227,230,229],"class_list":["post-536","post","type-post","status-publish","format-standard","has-post-thumbnail","hentry","category-prevencion-de-riesgos-laborales","tag-temperatura-en-oficinas","tag-temperatura-maxima-para-trabajar","tag-trabajar-con-calor","tag-trabajo-y-verano"],"yoast_head":"<!-- This site is optimized with the Yoast SEO plugin v25.6 - https:\/\/yoast.com\/wordpress\/plugins\/seo\/ -->\n<title>Temperatura m\u00e1xima para trabajar | M\u00e1s Protecci\u00f3n Laboral<\/title>\n<meta name=\"description\" content=\"Descubre cu\u00e1l es la temperatura m\u00e1xima para trabajar con seguridad. \u00a1Prep\u00e1rate para un verano sin accidentes!\" \/>\n<meta name=\"robots\" content=\"index, follow, max-snippet:-1, max-image-preview:large, max-video-preview:-1\" \/>\n<link rel=\"canonical\" href=\"https:\/\/www.masproteccionlaboral.com\/blog\/temperatura-maxima-para-trabajar.html\" \/>\n<meta property=\"og:locale\" content=\"es_ES\" \/>\n<meta property=\"og:type\" content=\"article\" \/>\n<meta property=\"og:title\" content=\"Temperatura m\u00e1xima para trabajar | M\u00e1s Protecci\u00f3n Laboral\" \/>\n<meta property=\"og:description\" content=\"Descubre cu\u00e1l es la temperatura m\u00e1xima para trabajar con seguridad. \u00a1Prep\u00e1rate para un verano sin accidentes!\" \/>\n<meta property=\"og:url\" content=\"https:\/\/www.masproteccionlaboral.com\/blog\/temperatura-maxima-para-trabajar.html\" \/>\n<meta property=\"og:site_name\" content=\"Blog de Masprotecci\u00f3n Laboral\" \/>\n<meta property=\"article:published_time\" content=\"2023-08-08T09:00:00+00:00\" \/>\n<meta property=\"article:modified_time\" content=\"2024-01-09T15:24:10+00:00\" \/>\n<meta property=\"og:image\" content=\"https:\/\/www.masproteccionlaboral.com\/blog\/wp-content\/uploads\/2023\/06\/temperatura-maxima-para-trabajar.png\" \/>\n\t<meta property=\"og:image:width\" content=\"768\" \/>\n\t<meta property=\"og:image:height\" content=\"512\" \/>\n\t<meta property=\"og:image:type\" content=\"image\/png\" \/>\n<meta name=\"author\" content=\"MasProteccionLaboral\" \/>\n<meta name=\"twitter:card\" content=\"summary_large_image\" \/>\n<meta name=\"twitter:label1\" content=\"Escrito por\" \/>\n\t<meta name=\"twitter:data1\" content=\"MasProteccionLaboral\" \/>\n\t<meta name=\"twitter:label2\" content=\"Tiempo de lectura\" \/>\n\t<meta name=\"twitter:data2\" content=\"8 minutos\" \/>\n<script type=\"application\/ld+json\" class=\"yoast-schema-graph\">{\"@context\":\"https:\/\/schema.org\",\"@graph\":[{\"@type\":\"Article\",\"@id\":\"https:\/\/www.masproteccionlaboral.com\/blog\/temperatura-maxima-para-trabajar.html#article\",\"isPartOf\":{\"@id\":\"https:\/\/www.masproteccionlaboral.com\/blog\/temperatura-maxima-para-trabajar.html\"},\"author\":{\"name\":\"MasProteccionLaboral\",\"@id\":\"https:\/\/www.masproteccionlaboral.com\/blog\/#\/schema\/person\/83eaa961f2eade9ad1b41ae3d8574867\"},\"headline\":\"Temperatura m\u00e1xima para trabajar con seguridad\",\"datePublished\":\"2023-08-08T09:00:00+00:00\",\"dateModified\":\"2024-01-09T15:24:10+00:00\",\"mainEntityOfPage\":{\"@id\":\"https:\/\/www.masproteccionlaboral.com\/blog\/temperatura-maxima-para-trabajar.html\"},\"wordCount\":1655,\"publisher\":{\"@id\":\"https:\/\/www.masproteccionlaboral.com\/blog\/#organization\"},\"image\":{\"@id\":\"https:\/\/www.masproteccionlaboral.com\/blog\/temperatura-maxima-para-trabajar.html#primaryimage\"},\"thumbnailUrl\":\"https:\/\/www.masproteccionlaboral.com\/blog\/wp-content\/uploads\/2023\/06\/temperatura-maxima-para-trabajar.png\",\"keywords\":[\"temperatura en oficinas\",\"Temperatura m\u00e1xima para trabajar\",\"trabajar con calor\",\"trabajo y verano\"],\"articleSection\":[\"Prevenci\u00f3n de Riesgos Laborales\"],\"inLanguage\":\"es\"},{\"@type\":\"WebPage\",\"@id\":\"https:\/\/www.masproteccionlaboral.com\/blog\/temperatura-maxima-para-trabajar.html\",\"url\":\"https:\/\/www.masproteccionlaboral.com\/blog\/temperatura-maxima-para-trabajar.html\",\"name\":\"Temperatura m\u00e1xima para trabajar | M\u00e1s Protecci\u00f3n Laboral\",\"isPartOf\":{\"@id\":\"https:\/\/www.masproteccionlaboral.com\/blog\/#website\"},\"primaryImageOfPage\":{\"@id\":\"https:\/\/www.masproteccionlaboral.com\/blog\/temperatura-maxima-para-trabajar.html#primaryimage\"},\"image\":{\"@id\":\"https:\/\/www.masproteccionlaboral.com\/blog\/temperatura-maxima-para-trabajar.html#primaryimage\"},\"thumbnailUrl\":\"https:\/\/www.masproteccionlaboral.com\/blog\/wp-content\/uploads\/2023\/06\/temperatura-maxima-para-trabajar.png\",\"datePublished\":\"2023-08-08T09:00:00+00:00\",\"dateModified\":\"2024-01-09T15:24:10+00:00\",\"description\":\"Descubre cu\u00e1l es la temperatura m\u00e1xima para trabajar con seguridad. \u00a1Prep\u00e1rate para un verano sin accidentes!\",\"breadcrumb\":{\"@id\":\"https:\/\/www.masproteccionlaboral.com\/blog\/temperatura-maxima-para-trabajar.html#breadcrumb\"},\"inLanguage\":\"es\",\"potentialAction\":[{\"@type\":\"ReadAction\",\"target\":[\"https:\/\/www.masproteccionlaboral.com\/blog\/temperatura-maxima-para-trabajar.html\"]}]},{\"@type\":\"ImageObject\",\"inLanguage\":\"es\",\"@id\":\"https:\/\/www.masproteccionlaboral.com\/blog\/temperatura-maxima-para-trabajar.html#primaryimage\",\"url\":\"https:\/\/www.masproteccionlaboral.com\/blog\/wp-content\/uploads\/2023\/06\/temperatura-maxima-para-trabajar.png\",\"contentUrl\":\"https:\/\/www.masproteccionlaboral.com\/blog\/wp-content\/uploads\/2023\/06\/temperatura-maxima-para-trabajar.png\",\"width\":768,\"height\":512,\"caption\":\"Temperatura m\u00e1xima para trabajar\"},{\"@type\":\"BreadcrumbList\",\"@id\":\"https:\/\/www.masproteccionlaboral.com\/blog\/temperatura-maxima-para-trabajar.html#breadcrumb\",\"itemListElement\":[{\"@type\":\"ListItem\",\"position\":1,\"name\":\"Portada\",\"item\":\"https:\/\/www.masproteccionlaboral.com\/blog\/\"},{\"@type\":\"ListItem\",\"position\":2,\"name\":\"Temperatura m\u00e1xima para trabajar con seguridad\"}]},{\"@type\":\"WebSite\",\"@id\":\"https:\/\/www.masproteccionlaboral.com\/blog\/#website\",\"url\":\"https:\/\/www.masproteccionlaboral.com\/blog\/\",\"name\":\"Blog de Masprotecci\u00f3n Laboral\",\"description\":\"Blog de Protecci\u00f3n laboral\",\"publisher\":{\"@id\":\"https:\/\/www.masproteccionlaboral.com\/blog\/#organization\"},\"potentialAction\":[{\"@type\":\"SearchAction\",\"target\":{\"@type\":\"EntryPoint\",\"urlTemplate\":\"https:\/\/www.masproteccionlaboral.com\/blog\/?s={search_term_string}\"},\"query-input\":{\"@type\":\"PropertyValueSpecification\",\"valueRequired\":true,\"valueName\":\"search_term_string\"}}],\"inLanguage\":\"es\"},{\"@type\":\"Organization\",\"@id\":\"https:\/\/www.masproteccionlaboral.com\/blog\/#organization\",\"name\":\"Blog de Masprotecci\u00f3n Laboral\",\"url\":\"https:\/\/www.masproteccionlaboral.com\/blog\/\",\"logo\":{\"@type\":\"ImageObject\",\"inLanguage\":\"es\",\"@id\":\"https:\/\/www.masproteccionlaboral.com\/blog\/#\/schema\/logo\/image\/\",\"url\":\"https:\/\/www.masproteccionlaboral.com\/blog\/wp-content\/uploads\/2021\/12\/logo-cabecera.png\",\"contentUrl\":\"https:\/\/www.masproteccionlaboral.com\/blog\/wp-content\/uploads\/2021\/12\/logo-cabecera.png\",\"width\":332,\"height\":60,\"caption\":\"Blog de Masprotecci\u00f3n Laboral\"},\"image\":{\"@id\":\"https:\/\/www.masproteccionlaboral.com\/blog\/#\/schema\/logo\/image\/\"}},{\"@type\":\"Person\",\"@id\":\"https:\/\/www.masproteccionlaboral.com\/blog\/#\/schema\/person\/83eaa961f2eade9ad1b41ae3d8574867\",\"name\":\"MasProteccionLaboral\",\"image\":{\"@type\":\"ImageObject\",\"inLanguage\":\"es\",\"@id\":\"https:\/\/www.masproteccionlaboral.com\/blog\/#\/schema\/person\/image\/\",\"url\":\"https:\/\/secure.gravatar.com\/avatar\/c58b9ce97c9db1c4905de1235cffc9dd?s=96&d=mm&r=g\",\"contentUrl\":\"https:\/\/secure.gravatar.com\/avatar\/c58b9ce97c9db1c4905de1235cffc9dd?s=96&d=mm&r=g\",\"caption\":\"MasProteccionLaboral\"},\"url\":\"https:\/\/www.masproteccionlaboral.com\/blog\/author\/masproteccionlaboral\"}]}<\/script>\n<!-- \/ Yoast SEO plugin. -->","yoast_head_json":{"title":"Temperatura m\u00e1xima para trabajar | M\u00e1s Protecci\u00f3n Laboral","description":"Descubre cu\u00e1l es la temperatura m\u00e1xima para trabajar con seguridad. \u00a1Prep\u00e1rate para un verano sin accidentes!","robots":{"index":"index","follow":"follow","max-snippet":"max-snippet:-1","max-image-preview":"max-image-preview:large","max-video-preview":"max-video-preview:-1"},"canonical":"https:\/\/www.masproteccionlaboral.com\/blog\/temperatura-maxima-para-trabajar.html","og_locale":"es_ES","og_type":"article","og_title":"Temperatura m\u00e1xima para trabajar | M\u00e1s Protecci\u00f3n Laboral","og_description":"Descubre cu\u00e1l es la temperatura m\u00e1xima para trabajar con seguridad. \u00a1Prep\u00e1rate para un verano sin accidentes!","og_url":"https:\/\/www.masproteccionlaboral.com\/blog\/temperatura-maxima-para-trabajar.html","og_site_name":"Blog de Masprotecci\u00f3n Laboral","article_published_time":"2023-08-08T09:00:00+00:00","article_modified_time":"2024-01-09T15:24:10+00:00","og_image":[{"width":768,"height":512,"url":"https:\/\/www.masproteccionlaboral.com\/blog\/wp-content\/uploads\/2023\/06\/temperatura-maxima-para-trabajar.png","type":"image\/png"}],"author":"MasProteccionLaboral","twitter_card":"summary_large_image","twitter_misc":{"Escrito por":"MasProteccionLaboral","Tiempo de lectura":"8 minutos"},"schema":{"@context":"https:\/\/schema.org","@graph":[{"@type":"Article","@id":"https:\/\/www.masproteccionlaboral.com\/blog\/temperatura-maxima-para-trabajar.html#article","isPartOf":{"@id":"https:\/\/www.masproteccionlaboral.com\/blog\/temperatura-maxima-para-trabajar.html"},"author":{"name":"MasProteccionLaboral","@id":"https:\/\/www.masproteccionlaboral.com\/blog\/#\/schema\/person\/83eaa961f2eade9ad1b41ae3d8574867"},"headline":"Temperatura m\u00e1xima para trabajar con seguridad","datePublished":"2023-08-08T09:00:00+00:00","dateModified":"2024-01-09T15:24:10+00:00","mainEntityOfPage":{"@id":"https:\/\/www.masproteccionlaboral.com\/blog\/temperatura-maxima-para-trabajar.html"},"wordCount":1655,"publisher":{"@id":"https:\/\/www.masproteccionlaboral.com\/blog\/#organization"},"image":{"@id":"https:\/\/www.masproteccionlaboral.com\/blog\/temperatura-maxima-para-trabajar.html#primaryimage"},"thumbnailUrl":"https:\/\/www.masproteccionlaboral.com\/blog\/wp-content\/uploads\/2023\/06\/temperatura-maxima-para-trabajar.png","keywords":["temperatura en oficinas","Temperatura m\u00e1xima para trabajar","trabajar con calor","trabajo y verano"],"articleSection":["Prevenci\u00f3n de Riesgos Laborales"],"inLanguage":"es"},{"@type":"WebPage","@id":"https:\/\/www.masproteccionlaboral.com\/blog\/temperatura-maxima-para-trabajar.html","url":"https:\/\/www.masproteccionlaboral.com\/blog\/temperatura-maxima-para-trabajar.html","name":"Temperatura m\u00e1xima para trabajar | M\u00e1s Protecci\u00f3n Laboral","isPartOf":{"@id":"https:\/\/www.masproteccionlaboral.com\/blog\/#website"},"primaryImageOfPage":{"@id":"https:\/\/www.masproteccionlaboral.com\/blog\/temperatura-maxima-para-trabajar.html#primaryimage"},"image":{"@id":"https:\/\/www.masproteccionlaboral.com\/blog\/temperatura-maxima-para-trabajar.html#primaryimage"},"thumbnailUrl":"https:\/\/www.masproteccionlaboral.com\/blog\/wp-content\/uploads\/2023\/06\/temperatura-maxima-para-trabajar.png","datePublished":"2023-08-08T09:00:00+00:00","dateModified":"2024-01-09T15:24:10+00:00","description":"Descubre cu\u00e1l es la temperatura m\u00e1xima para trabajar con seguridad. \u00a1Prep\u00e1rate para un verano sin accidentes!","breadcrumb":{"@id":"https:\/\/www.masproteccionlaboral.com\/blog\/temperatura-maxima-para-trabajar.html#breadcrumb"},"inLanguage":"es","potentialAction":[{"@type":"ReadAction","target":["https:\/\/www.masproteccionlaboral.com\/blog\/temperatura-maxima-para-trabajar.html"]}]},{"@type":"ImageObject","inLanguage":"es","@id":"https:\/\/www.masproteccionlaboral.com\/blog\/temperatura-maxima-para-trabajar.html#primaryimage","url":"https:\/\/www.masproteccionlaboral.com\/blog\/wp-content\/uploads\/2023\/06\/temperatura-maxima-para-trabajar.png","contentUrl":"https:\/\/www.masproteccionlaboral.com\/blog\/wp-content\/uploads\/2023\/06\/temperatura-maxima-para-trabajar.png","width":768,"height":512,"caption":"Temperatura m\u00e1xima para trabajar"},{"@type":"BreadcrumbList","@id":"https:\/\/www.masproteccionlaboral.com\/blog\/temperatura-maxima-para-trabajar.html#breadcrumb","itemListElement":[{"@type":"ListItem","position":1,"name":"Portada","item":"https:\/\/www.masproteccionlaboral.com\/blog\/"},{"@type":"ListItem","position":2,"name":"Temperatura m\u00e1xima para trabajar con seguridad"}]},{"@type":"WebSite","@id":"https:\/\/www.masproteccionlaboral.com\/blog\/#website","url":"https:\/\/www.masproteccionlaboral.com\/blog\/","name":"Blog de Masprotecci\u00f3n Laboral","description":"Blog de Protecci\u00f3n laboral","publisher":{"@id":"https:\/\/www.masproteccionlaboral.com\/blog\/#organization"},"potentialAction":[{"@type":"SearchAction","target":{"@type":"EntryPoint","urlTemplate":"https:\/\/www.masproteccionlaboral.com\/blog\/?s={search_term_string}"},"query-input":{"@type":"PropertyValueSpecification","valueRequired":true,"valueName":"search_term_string"}}],"inLanguage":"es"},{"@type":"Organization","@id":"https:\/\/www.masproteccionlaboral.com\/blog\/#organization","name":"Blog de Masprotecci\u00f3n Laboral","url":"https:\/\/www.masproteccionlaboral.com\/blog\/","logo":{"@type":"ImageObject","inLanguage":"es","@id":"https:\/\/www.masproteccionlaboral.com\/blog\/#\/schema\/logo\/image\/","url":"https:\/\/www.masproteccionlaboral.com\/blog\/wp-content\/uploads\/2021\/12\/logo-cabecera.png","contentUrl":"https:\/\/www.masproteccionlaboral.com\/blog\/wp-content\/uploads\/2021\/12\/logo-cabecera.png","width":332,"height":60,"caption":"Blog de Masprotecci\u00f3n Laboral"},"image":{"@id":"https:\/\/www.masproteccionlaboral.com\/blog\/#\/schema\/logo\/image\/"}},{"@type":"Person","@id":"https:\/\/www.masproteccionlaboral.com\/blog\/#\/schema\/person\/83eaa961f2eade9ad1b41ae3d8574867","name":"MasProteccionLaboral","image":{"@type":"ImageObject","inLanguage":"es","@id":"https:\/\/www.masproteccionlaboral.com\/blog\/#\/schema\/person\/image\/","url":"https:\/\/secure.gravatar.com\/avatar\/c58b9ce97c9db1c4905de1235cffc9dd?s=96&d=mm&r=g","contentUrl":"https:\/\/secure.gravatar.com\/avatar\/c58b9ce97c9db1c4905de1235cffc9dd?s=96&d=mm&r=g","caption":"MasProteccionLaboral"},"url":"https:\/\/www.masproteccionlaboral.com\/blog\/author\/masproteccionlaboral"}]}},"_links":{"self":[{"href":"https:\/\/www.masproteccionlaboral.com\/blog\/wp-json\/wp\/v2\/posts\/536"}],"collection":[{"href":"https:\/\/www.masproteccionlaboral.com\/blog\/wp-json\/wp\/v2\/posts"}],"about":[{"href":"https:\/\/www.masproteccionlaboral.com\/blog\/wp-json\/wp\/v2\/types\/post"}],"author":[{"embeddable":true,"href":"https:\/\/www.masproteccionlaboral.com\/blog\/wp-json\/wp\/v2\/users\/2"}],"replies":[{"embeddable":true,"href":"https:\/\/www.masproteccionlaboral.com\/blog\/wp-json\/wp\/v2\/comments?post=536"}],"version-history":[{"count":2,"href":"https:\/\/www.masproteccionlaboral.com\/blog\/wp-json\/wp\/v2\/posts\/536\/revisions"}],"predecessor-version":[{"id":912,"href":"https:\/\/www.masproteccionlaboral.com\/blog\/wp-json\/wp\/v2\/posts\/536\/revisions\/912"}],"wp:featuredmedia":[{"embeddable":true,"href":"https:\/\/www.masproteccionlaboral.com\/blog\/wp-json\/wp\/v2\/media\/543"}],"wp:attachment":[{"href":"https:\/\/www.masproteccionlaboral.com\/blog\/wp-json\/wp\/v2\/media?parent=536"}],"wp:term":[{"taxonomy":"category","embeddable":true,"href":"https:\/\/www.masproteccionlaboral.com\/blog\/wp-json\/wp\/v2\/categories?post=536"},{"taxonomy":"post_tag","embeddable":true,"href":"https:\/\/www.masproteccionlaboral.com\/blog\/wp-json\/wp\/v2\/tags?post=536"}],"curies":[{"name":"wp","href":"https:\/\/api.w.org\/{rel}","templated":true}]}}