{"id":1277,"date":"2026-03-10T10:57:30","date_gmt":"2026-03-10T10:57:30","guid":{"rendered":"https:\/\/www.masproteccionlaboral.com\/blog\/?p=1277"},"modified":"2026-03-06T11:02:29","modified_gmt":"2026-03-06T11:02:29","slug":"casco-proteccion-auditiva-en-entornos-industriales","status":"publish","type":"post","link":"https:\/\/www.masproteccionlaboral.com\/blog\/casco-proteccion-auditiva-en-entornos-industriales.html","title":{"rendered":"\u00bfCu\u00e1ndo conviene usar cascos protecci\u00f3n auditiva en entornos industriales?"},"content":{"rendered":"\n<p>Los <a href=\"https:\/\/es.semrush.com\/analytics\/keywordoverview?q=cascos%20protecci%C3%B3n%20auditiva&amp;db=es&amp;date=202603&amp;device=0\"><strong>cascos protecci\u00f3n auditiva<\/strong><\/a> son un elemento fundamental en entornos industriales donde el ruido supera los niveles seguros y puede afectar a la salud a largo plazo. Su uso adecuado no solo ayuda a prevenir da\u00f1os auditivos, sino que tambi\u00e9n mejora la concentraci\u00f3n y la seguridad en el trabajo.&nbsp;<\/p>\n\n\n\n<p>Desde M\u00e1s Protecci\u00f3n Laboral, veremos cu\u00e1ndo conviene utilizar <strong>cascos de protecci\u00f3n auditiva\u200b <\/strong>y en qu\u00e9 situaciones son claves. Adem\u00e1s, revisaremos los aspectos a tener en cuenta para elegir el modelo m\u00e1s adecuado seg\u00fan cada actividad. \u00a1Lee m\u00e1s!<\/p>\n\n\n\n<h2 class=\"wp-block-heading\"><strong>Qu\u00e9 se considera un entorno industrial con riesgo auditivo<\/strong><\/h2>\n\n\n\n<p>Un entorno industrial con riesgo auditivo es aquel en el que los niveles de ruido superan los l\u00edmites considerados seguros para la salud, en especial cuando la exposici\u00f3n es prolongada o repetitiva.&nbsp;<\/p>\n\n\n\n<p>La exposici\u00f3n continua a sonidos intensos puede provocar p\u00e9rdida auditiva progresiva, fatiga, estr\u00e9s e incluso aumentar el riesgo de accidentes laborales por falta de concentraci\u00f3n o dificultad para comunicarse.<\/p>\n\n\n\n<p>En general, se considera que existe riesgo cuando el ruido supera los 80 decibelios durante la jornada laboral. A partir de 85 decibelios, la <strong>protecci\u00f3n auditiva<\/strong> suele ser obligatoria seg\u00fan la normativa de prevenci\u00f3n de riesgos laborales, ya que la exposici\u00f3n continuada a estos niveles puede causar da\u00f1os irreversibles en el o\u00eddo interno.<\/p>\n\n\n\n<p>No solo importa la intensidad del sonido, sino tambi\u00e9n el tiempo de exposici\u00f3n. Incluso ruidos moderadamente altos pueden resultar perjudiciales si se mantienen durante muchas horas al d\u00eda sin protecci\u00f3n adecuada.<\/p>\n\n\n\n<h2 class=\"wp-block-heading\"><strong>Niveles de ruido y momento adecuado para usar cascos protecci\u00f3n auditiva<\/strong><\/h2>\n\n\n\n<p>El uso de <strong>cascos de protecci\u00f3n auditiva<\/strong> debe ajustarse al nivel de ruido y al tiempo de exposici\u00f3n en el entorno de trabajo. No todas las situaciones requieren el mismo grado de protecci\u00f3n, pero identificar correctamente cada escenario es clave para prevenir da\u00f1os auditivos y cumplir con la normativa de seguridad.<\/p>\n\n\n\n<h3 class=\"wp-block-heading\"><strong>Exposici\u00f3n moderada: cu\u00e1ndo bastan auriculares antiruido<\/strong><\/h3>\n\n\n\n<p>En entornos donde el ruido se sit\u00faa en niveles moderados, generalmente entre 80 y 85 decibelios, el riesgo existe pero es menor si la exposici\u00f3n es puntual o de corta duraci\u00f3n. En estos casos, pueden ser suficientes soluciones m\u00e1s ligeras como <strong>auriculares antiruido\u200b<\/strong> o protectores auditivos b\u00e1sicos.<\/p>\n\n\n\n<p>Este tipo de protecci\u00f3n es habitual en tareas ocasionales con herramientas el\u00e9ctricas o en espacios donde el ruido no es constante.<\/p>\n\n\n\n<h3 class=\"wp-block-heading\"><strong>Exposici\u00f3n constante: necesidad de cascos auditivos certificados<\/strong><\/h3>\n\n\n\n<p>Cuando el ruido supera los 85 decibelios de forma continua durante la jornada laboral, el uso de protecci\u00f3n deja de ser opcional y pasa a ser necesario. En estos casos, se recomienda el uso de <strong>cascos de protecci\u00f3n auditiva\u200b<\/strong> certificados, dise\u00f1ados para reducir el nivel de ruido de forma eficaz y constante.<\/p>\n\n\n\n<p>Este tipo de situaci\u00f3n es com\u00fan en f\u00e1bricas, talleres o entornos con maquinaria en funcionamiento permanente. Los <a href=\"https:\/\/es.semrush.com\/analytics\/keywordoverview?q=cascos%20protecci%C3%B3n%20auditiva&amp;db=es&amp;date=202603&amp;device=0\"><strong>cascos protecci\u00f3n auditiva<\/strong><\/a> deben cumplir con la normativa vigente y ofrecer un nivel de atenuaci\u00f3n adecuado al entorno.<\/p>\n\n\n\n<h3 class=\"wp-block-heading\"><strong>Ruido extremo: uso obligatorio de cascos insonorizados<\/strong><\/h3>\n\n\n\n<p>En entornos donde los niveles de ruido son muy elevados, por encima de los 100 decibelios, el riesgo para la salud auditiva es inmediato. En estas condiciones, es obligatorio utilizar <strong>cascos insonorizados\u200b<\/strong> de alta protecci\u00f3n, capaces de reducir significativamente la intensidad del sonido.<\/p>\n\n\n\n<p>Este tipo de exposici\u00f3n se da en trabajos con maquinaria pesada, martillos neum\u00e1ticos, procesos industriales intensivos o determinadas obras de construcci\u00f3n.<\/p>\n\n\n\n<h2 class=\"wp-block-heading\"><strong>Diferencias entre cascos para ruidos y otros sistemas de protecci\u00f3n auditiva<\/strong><\/h2>\n\n\n\n<p>En entornos con riesgo ac\u00fastico existen distintos tipos de protecci\u00f3n, pero no todos ofrecen el mismo nivel de aislamiento ni la misma comodidad seg\u00fan la tarea. Comprender las diferencias entre los <strong>cascos insonorizados\u200b<\/strong> y otros sistemas de <strong>protecci\u00f3n auditiva<\/strong> es clave para elegir la opci\u00f3n m\u00e1s adecuada en cada caso.<\/p>\n\n\n\n<p>Los <a href=\"https:\/\/es.semrush.com\/analytics\/keywordoverview?q=cascos%20protecci%C3%B3n%20auditiva&amp;db=es&amp;date=202603&amp;device=0\"><strong>cascos protecci\u00f3n auditiva<\/strong><\/a>, tambi\u00e9n conocidos como orejeras, cubren completamente las orejas y crean una barrera f\u00edsica que reduce la entrada de sonido. Se destacan por su facilidad de uso y son muy recomendables en entornos industriales con ruido constante o elevado, donde se necesita una protecci\u00f3n fiable durante periodos prolongados.&nbsp;<\/p>\n\n\n\n<p>Adem\u00e1s, los <strong>cascos para ruidos\u200b <\/strong>ofrecen una atenuaci\u00f3n estable y suelen ser m\u00e1s higi\u00e9nicos en entornos compartidos. Como inconveniente, pueden resultar m\u00e1s voluminosos y menos c\u00f3modos en combinaci\u00f3n con otros equipos, aunque existen modelos compatibles con cascos de seguridad.<\/p>\n\n\n\n<p>Por otro lado, los tapones auditivos se introducen en el canal auditivo y pueden ser desechables o reutilizables. Su principal ventaja es su tama\u00f1o compacto, lo que los hace muy pr\u00e1cticos en trabajos donde se requiere movilidad o donde el uso de otros equipos limita el espacio.&nbsp;<\/p>\n\n\n\n<p>Sin embargo, su eficacia depende en gran medida de una correcta colocaci\u00f3n. Si no se ajustan bien, pierden capacidad de protecci\u00f3n. Adem\u00e1s, pueden resultar menos c\u00f3modos en usos prolongados y requieren mayor control en t\u00e9rminos de higiene.<\/p>\n\n\n\n<p>Tambi\u00e9n existen sistemas m\u00e1s avanzados, como los protectores auditivos electr\u00f3nicos, que permiten reducir el ruido da\u00f1ino mientras mantienen la percepci\u00f3n de sonidos importantes, como voces o se\u00f1ales de alerta. Este tipo de soluciones es \u00fatil en entornos donde la comunicaci\u00f3n es clave, sin renunciar a la seguridad auditiva.<\/p>\n\n\n\n<h2 class=\"wp-block-heading\"><strong>Sectores industriales donde se recomiendan cascos de protecci\u00f3n auditiva<\/strong><\/h2>\n\n\n\n<p>En muchos \u00e1mbitos profesionales, el nivel de ruido supera los l\u00edmites recomendados para la salud auditiva, especialmente cuando la exposici\u00f3n es continua. En estos casos, el uso de <a href=\"https:\/\/es.semrush.com\/analytics\/keywordoverview?q=cascos%20protecci%C3%B3n%20auditiva&amp;db=es&amp;date=202603&amp;device=0\"><strong>cascos protecci\u00f3n auditiva<\/strong><\/a> es recomendable y hasta obligatorio para prevenir da\u00f1os irreversibles. Veremos algunas \u00e1reas donde es clave.<\/p>\n\n\n\n<h3 class=\"wp-block-heading\"><strong>Construcci\u00f3n y obra pesada<\/strong><\/h3>\n\n\n\n<p>El sector de la construcci\u00f3n es uno de los entornos con mayor exposici\u00f3n a ruidos intensos. El uso de martillos neum\u00e1ticos, perforadoras, sierras el\u00e9ctricas, compresores o maquinaria de movimiento de tierras genera niveles sonoros muy elevados, que pueden superar f\u00e1cilmente los 90 o incluso los 100 decibelios.<\/p>\n\n\n\n<p>En obras de gran envergadura, donde varias m\u00e1quinas funcionan de manera simult\u00e1nea, la exposici\u00f3n es constante durante toda la jornada. Por ello, los <a href=\"https:\/\/es.semrush.com\/analytics\/keywordoverview?q=cascos%20protecci%C3%B3n%20auditiva&amp;db=es&amp;date=202603&amp;device=0\"><strong>cascos protecci\u00f3n auditiva<\/strong><\/a> son fundamentales para reducir el impacto del ruido y evitar p\u00e9rdidas auditivas progresivas.&nbsp;<\/p>\n\n\n\n<h3 class=\"wp-block-heading\"><strong>Industria metal\u00fargica y manufactura<\/strong><\/h3>\n\n\n\n<p>En la industria metal\u00fargica y en entornos de manufactura, el ruido suele provenir de prensas, tornos, fresadoras, sistemas de corte, soldadura y maquinaria automatizada. La repetici\u00f3n continua de golpes, vibraciones y procesos mec\u00e1nicos genera un ambiente sonoro elevado y constante.<\/p>\n\n\n\n<p>En este tipo de sector, el uso de seguridad auditiva debe adaptarse al nivel real de exposici\u00f3n, pero los <a href=\"https:\/\/es.semrush.com\/analytics\/keywordoverview?q=cascos%20protecci%C3%B3n%20auditiva&amp;db=es&amp;date=202603&amp;device=0\"><strong>cascos protecci\u00f3n auditiva<\/strong><\/a> suelen ser la opci\u00f3n m\u00e1s eficaz cuando el ruido es sostenido durante toda la jornada laboral. Adem\u00e1s de proteger la salud auditiva, los <strong>cascos para ruidos\u200b <\/strong>contribuyen a mejorar la concentraci\u00f3n y reducir la fatiga derivada del exceso de est\u00edmulos sonoros.<\/p>\n\n\n\n<h3 class=\"wp-block-heading\"><strong>Log\u00edstica, aeropuertos y puertos<\/strong><\/h3>\n\n\n\n<p>Los entornos log\u00edsticos, as\u00ed como aeropuertos y puertos, tambi\u00e9n presentan un riesgo ac\u00fastico significativo. El movimiento de mercanc\u00edas, el uso de carretillas elevadoras, cintas transportadoras, motores industriales y, en el caso de aeropuertos, el despegue y aterrizaje de aeronaves, generan niveles de ruido elevados.<\/p>\n\n\n\n<p>En estos espacios, la exposici\u00f3n puede variar seg\u00fan la zona y la tarea, pero en \u00e1reas cercanas a maquinaria pesada o motores en funcionamiento continuo, el uso de <strong>cascos auditivos <\/strong>resulta altamente recomendable.<\/p>\n\n\n\n<h2 class=\"wp-block-heading\"><strong>Factores que determinan si conviene usar cascos protecci\u00f3n auditiva<\/strong><\/h2>\n\n\n\n<p>El uso de <a href=\"https:\/\/es.semrush.com\/analytics\/keywordoverview?q=cascos%20protecci%C3%B3n%20auditiva&amp;db=es&amp;date=202603&amp;device=0\"><strong>cascos protecci\u00f3n auditiva<\/strong><\/a> debe basarse en una evaluaci\u00f3n real del entorno de trabajo y tener en cuenta distintos factores que influyen directamente en el riesgo para la salud. No se trata solo de la presencia de ruido, sino de c\u00f3mo, cu\u00e1nto y en qu\u00e9 condiciones se produce esa exposici\u00f3n.<\/p>\n\n\n\n<ul class=\"wp-block-list\">\n<li>La intensidad del ruido en decibelios es uno de los principales indicadores para determinar el nivel de riesgo y la necesidad de elementos de protecci\u00f3n.<\/li>\n\n\n\n<li>El tiempo de exposici\u00f3n a lo largo de la jornada laboral influye directamente en el impacto sobre la salud auditiva.<\/li>\n\n\n\n<li>El tipo de ruido, ya sea continuo o impulsivo, puede aumentar el riesgo incluso en niveles similares de decibelios.<\/li>\n\n\n\n<li>Las condiciones del entorno, como espacios cerrados o m\u00faltiples fuentes de ruido, pueden amplificar la exposici\u00f3n real.<\/li>\n\n\n\n<li>La compatibilidad con otros equipos de protecci\u00f3n individual es clave para garantizar un uso seguro y c\u00f3modo.<\/li>\n\n\n\n<li>La normativa vigente y la evaluaci\u00f3n de riesgos laborales determinan en muchos casos la obligatoriedad del uso de protecci\u00f3n.<\/li>\n<\/ul>\n\n\n\n<h2 class=\"wp-block-heading\"><strong>\u00bfC\u00f3mo elegir los cascos protecci\u00f3n auditiva adecuados para cada entorno?&nbsp;<\/strong><\/h2>\n\n\n\n<p>Elegir correctamente los <a href=\"https:\/\/es.semrush.com\/analytics\/keywordoverview?q=cascos%20protecci%C3%B3n%20auditiva&amp;db=es&amp;date=202603&amp;device=0\"><strong>cascos protecci\u00f3n auditiva<\/strong><\/a> es fundamental para garantizar la seguridad en entornos con exposici\u00f3n al ruido. Analizar factores como el nivel sonoro, el tiempo de exposici\u00f3n, el tipo de actividad y las condiciones del entorno permite seleccionar una protecci\u00f3n eficaz y adaptada a cada situaci\u00f3n.<\/p>\n\n\n\n<p>No todos los <a href=\"https:\/\/es.semrush.com\/analytics\/keywordoverview?q=cascos%20protecci%C3%B3n%20auditiva&amp;db=es&amp;date=202603&amp;device=0\"><strong>cascos protecci\u00f3n auditiva<\/strong><\/a> ofrecen el mismo nivel de atenuaci\u00f3n ni la misma comodidad, por lo que es importante optar por modelos certificados que se ajusten tanto a las exigencias t\u00e9cnicas como a la ergonom\u00eda necesaria para el trabajo diario. Una elecci\u00f3n adecuada no solo previene da\u00f1os auditivos, sino que tambi\u00e9n mejora la concentraci\u00f3n y el rendimiento.<\/p>\n\n\n\n<p>En M\u00e1s Protecci\u00f3n Laboral contamos con una amplia gama de soluciones en protecci\u00f3n auditiva dise\u00f1adas para distintos sectores y niveles de exposici\u00f3n. Algunos modelos recomendados son:<\/p>\n\n\n\n<ul class=\"wp-block-list\">\n<li>Los<a href=\"https:\/\/www.masproteccionlaboral.com\/451-7368-cascos-antiruido-steel-pro-zen-snr31-db-8427310060371.html#\/671-color-negro\"> cascos antiruido Steelpro zen SNR31 decibelios 1988-OZ II alta atenuaci\u00f3n<\/a><\/li>\n\n\n\n<li>Los <a href=\"https:\/\/www.masproteccionlaboral.com\/446-cascos-anti-ruido-thunder-8427310060289.html\">cascos antiruido Thunder<\/a><\/li>\n\n\n\n<li>La <a href=\"https:\/\/www.masproteccionlaboral.com\/452-orejera-antiruido-steelpro-zen-1988-oz-iii-8427310060395.html\">orejera antiruido Steelpro zen 1988-OZ III muy alta atenuaci\u00f3n<\/a><\/li>\n<\/ul>\n\n\n\n<p>Adem\u00e1s, contamos con un equipo de profesionales que puede asesorarte para encontrar los mejores <strong>cascos auditivos <\/strong>seg\u00fan tus necesidades profesionales.\u00a1Visita la <a href=\"https:\/\/www.masproteccionlaboral.com\/\">tienda en l\u00ednea de M\u00e1s Protecci\u00f3n Laboral<\/a> ahora!<\/p>\n","protected":false},"excerpt":{"rendered":"<p>Los cascos protecci\u00f3n auditiva son un elemento fundamental en entornos industriales donde el ruido supera los niveles seguros y puede<\/p>\n","protected":false},"author":3,"featured_media":1278,"comment_status":"closed","ping_status":"closed","sticky":false,"template":"","format":"standard","meta":{"footnotes":""},"categories":[15,24],"tags":[],"class_list":["post-1277","post","type-post","status-publish","format-standard","has-post-thumbnail","hentry","category-epis","category-prevencion-de-riesgos-laborales"],"yoast_head":"<!-- This site is optimized with the Yoast SEO plugin v25.6 - https:\/\/yoast.com\/wordpress\/plugins\/seo\/ -->\n<title>\u00bfCu\u00e1ndo usar cascos protecci\u00f3n auditiva en entornos industriales?<\/title>\n<meta name=\"description\" content=\"Descubre en qu\u00e9 entornos laborales se recomiendan cascos protecci\u00f3n auditiva y c\u00f3mo elegir el modelo adecuado para ti. \u00a1Lee m\u00e1s!\" \/>\n<meta name=\"robots\" content=\"index, follow, max-snippet:-1, max-image-preview:large, max-video-preview:-1\" \/>\n<link rel=\"canonical\" href=\"https:\/\/www.masproteccionlaboral.com\/blog\/casco-proteccion-auditiva-en-entornos-industriales.html\" \/>\n<meta property=\"og:locale\" content=\"es_ES\" \/>\n<meta property=\"og:type\" content=\"article\" \/>\n<meta property=\"og:title\" content=\"\u00bfCu\u00e1ndo usar cascos protecci\u00f3n auditiva en entornos industriales?\" \/>\n<meta property=\"og:description\" content=\"Descubre en qu\u00e9 entornos laborales se recomiendan cascos protecci\u00f3n auditiva y c\u00f3mo elegir el modelo adecuado para ti. \u00a1Lee m\u00e1s!\" \/>\n<meta property=\"og:url\" content=\"https:\/\/www.masproteccionlaboral.com\/blog\/casco-proteccion-auditiva-en-entornos-industriales.html\" \/>\n<meta property=\"og:site_name\" content=\"Blog de Masprotecci\u00f3n Laboral\" \/>\n<meta property=\"article:published_time\" content=\"2026-03-10T10:57:30+00:00\" \/>\n<meta property=\"og:image\" content=\"https:\/\/www.masproteccionlaboral.com\/blog\/wp-content\/uploads\/2026\/03\/casco-proteccion-auditiva.jpg\" \/>\n\t<meta property=\"og:image:width\" content=\"768\" \/>\n\t<meta property=\"og:image:height\" content=\"512\" \/>\n\t<meta property=\"og:image:type\" content=\"image\/jpeg\" \/>\n<meta name=\"author\" content=\"Greta Fedeli\" \/>\n<meta name=\"twitter:card\" content=\"summary_large_image\" \/>\n<meta name=\"twitter:label1\" content=\"Escrito por\" \/>\n\t<meta name=\"twitter:data1\" content=\"Greta Fedeli\" \/>\n\t<meta name=\"twitter:label2\" content=\"Tiempo de lectura\" \/>\n\t<meta name=\"twitter:data2\" content=\"8 minutos\" \/>\n<script type=\"application\/ld+json\" class=\"yoast-schema-graph\">{\"@context\":\"https:\/\/schema.org\",\"@graph\":[{\"@type\":\"Article\",\"@id\":\"https:\/\/www.masproteccionlaboral.com\/blog\/casco-proteccion-auditiva-en-entornos-industriales.html#article\",\"isPartOf\":{\"@id\":\"https:\/\/www.masproteccionlaboral.com\/blog\/casco-proteccion-auditiva-en-entornos-industriales.html\"},\"author\":{\"name\":\"Greta Fedeli\",\"@id\":\"https:\/\/www.masproteccionlaboral.com\/blog\/#\/schema\/person\/35dcfa79331bb58be541f05d6a2f413e\"},\"headline\":\"\u00bfCu\u00e1ndo conviene usar cascos protecci\u00f3n auditiva en entornos industriales?\",\"datePublished\":\"2026-03-10T10:57:30+00:00\",\"mainEntityOfPage\":{\"@id\":\"https:\/\/www.masproteccionlaboral.com\/blog\/casco-proteccion-auditiva-en-entornos-industriales.html\"},\"wordCount\":1703,\"publisher\":{\"@id\":\"https:\/\/www.masproteccionlaboral.com\/blog\/#organization\"},\"image\":{\"@id\":\"https:\/\/www.masproteccionlaboral.com\/blog\/casco-proteccion-auditiva-en-entornos-industriales.html#primaryimage\"},\"thumbnailUrl\":\"https:\/\/www.masproteccionlaboral.com\/blog\/wp-content\/uploads\/2026\/03\/casco-proteccion-auditiva.jpg\",\"articleSection\":[\"EPIS\",\"Prevenci\u00f3n de Riesgos Laborales\"],\"inLanguage\":\"es\"},{\"@type\":\"WebPage\",\"@id\":\"https:\/\/www.masproteccionlaboral.com\/blog\/casco-proteccion-auditiva-en-entornos-industriales.html\",\"url\":\"https:\/\/www.masproteccionlaboral.com\/blog\/casco-proteccion-auditiva-en-entornos-industriales.html\",\"name\":\"\u00bfCu\u00e1ndo usar cascos protecci\u00f3n auditiva en entornos industriales?\",\"isPartOf\":{\"@id\":\"https:\/\/www.masproteccionlaboral.com\/blog\/#website\"},\"primaryImageOfPage\":{\"@id\":\"https:\/\/www.masproteccionlaboral.com\/blog\/casco-proteccion-auditiva-en-entornos-industriales.html#primaryimage\"},\"image\":{\"@id\":\"https:\/\/www.masproteccionlaboral.com\/blog\/casco-proteccion-auditiva-en-entornos-industriales.html#primaryimage\"},\"thumbnailUrl\":\"https:\/\/www.masproteccionlaboral.com\/blog\/wp-content\/uploads\/2026\/03\/casco-proteccion-auditiva.jpg\",\"datePublished\":\"2026-03-10T10:57:30+00:00\",\"description\":\"Descubre en qu\u00e9 entornos laborales se recomiendan cascos protecci\u00f3n auditiva y c\u00f3mo elegir el modelo adecuado para ti. \u00a1Lee m\u00e1s!\",\"breadcrumb\":{\"@id\":\"https:\/\/www.masproteccionlaboral.com\/blog\/casco-proteccion-auditiva-en-entornos-industriales.html#breadcrumb\"},\"inLanguage\":\"es\",\"potentialAction\":[{\"@type\":\"ReadAction\",\"target\":[\"https:\/\/www.masproteccionlaboral.com\/blog\/casco-proteccion-auditiva-en-entornos-industriales.html\"]}]},{\"@type\":\"ImageObject\",\"inLanguage\":\"es\",\"@id\":\"https:\/\/www.masproteccionlaboral.com\/blog\/casco-proteccion-auditiva-en-entornos-industriales.html#primaryimage\",\"url\":\"https:\/\/www.masproteccionlaboral.com\/blog\/wp-content\/uploads\/2026\/03\/casco-proteccion-auditiva.jpg\",\"contentUrl\":\"https:\/\/www.masproteccionlaboral.com\/blog\/wp-content\/uploads\/2026\/03\/casco-proteccion-auditiva.jpg\",\"width\":768,\"height\":512,\"caption\":\"Hombre con cascos de protecci\u00f3n auditiva\"},{\"@type\":\"BreadcrumbList\",\"@id\":\"https:\/\/www.masproteccionlaboral.com\/blog\/casco-proteccion-auditiva-en-entornos-industriales.html#breadcrumb\",\"itemListElement\":[{\"@type\":\"ListItem\",\"position\":1,\"name\":\"Portada\",\"item\":\"https:\/\/www.masproteccionlaboral.com\/blog\/\"},{\"@type\":\"ListItem\",\"position\":2,\"name\":\"\u00bfCu\u00e1ndo conviene usar cascos protecci\u00f3n auditiva en entornos industriales?\"}]},{\"@type\":\"WebSite\",\"@id\":\"https:\/\/www.masproteccionlaboral.com\/blog\/#website\",\"url\":\"https:\/\/www.masproteccionlaboral.com\/blog\/\",\"name\":\"Blog de Masprotecci\u00f3n Laboral\",\"description\":\"Blog de Protecci\u00f3n laboral\",\"publisher\":{\"@id\":\"https:\/\/www.masproteccionlaboral.com\/blog\/#organization\"},\"potentialAction\":[{\"@type\":\"SearchAction\",\"target\":{\"@type\":\"EntryPoint\",\"urlTemplate\":\"https:\/\/www.masproteccionlaboral.com\/blog\/?s={search_term_string}\"},\"query-input\":{\"@type\":\"PropertyValueSpecification\",\"valueRequired\":true,\"valueName\":\"search_term_string\"}}],\"inLanguage\":\"es\"},{\"@type\":\"Organization\",\"@id\":\"https:\/\/www.masproteccionlaboral.com\/blog\/#organization\",\"name\":\"Blog de Masprotecci\u00f3n Laboral\",\"url\":\"https:\/\/www.masproteccionlaboral.com\/blog\/\",\"logo\":{\"@type\":\"ImageObject\",\"inLanguage\":\"es\",\"@id\":\"https:\/\/www.masproteccionlaboral.com\/blog\/#\/schema\/logo\/image\/\",\"url\":\"https:\/\/www.masproteccionlaboral.com\/blog\/wp-content\/uploads\/2021\/12\/logo-cabecera.png\",\"contentUrl\":\"https:\/\/www.masproteccionlaboral.com\/blog\/wp-content\/uploads\/2021\/12\/logo-cabecera.png\",\"width\":332,\"height\":60,\"caption\":\"Blog de Masprotecci\u00f3n Laboral\"},\"image\":{\"@id\":\"https:\/\/www.masproteccionlaboral.com\/blog\/#\/schema\/logo\/image\/\"}},{\"@type\":\"Person\",\"@id\":\"https:\/\/www.masproteccionlaboral.com\/blog\/#\/schema\/person\/35dcfa79331bb58be541f05d6a2f413e\",\"name\":\"Greta Fedeli\",\"image\":{\"@type\":\"ImageObject\",\"inLanguage\":\"es\",\"@id\":\"https:\/\/www.masproteccionlaboral.com\/blog\/#\/schema\/person\/image\/\",\"url\":\"https:\/\/secure.gravatar.com\/avatar\/ede8231896c0e48ed7e565221ba1cb77?s=96&d=mm&r=g\",\"contentUrl\":\"https:\/\/secure.gravatar.com\/avatar\/ede8231896c0e48ed7e565221ba1cb77?s=96&d=mm&r=g\",\"caption\":\"Greta Fedeli\"},\"sameAs\":[\"https:\/\/www.linkedin.com\/in\/greta-fedeli-736a074a\/\"],\"url\":\"https:\/\/www.masproteccionlaboral.com\/blog\/author\/fedeligretagmail-com\"}]}<\/script>\n<!-- \/ Yoast SEO plugin. -->","yoast_head_json":{"title":"\u00bfCu\u00e1ndo usar cascos protecci\u00f3n auditiva en entornos industriales?","description":"Descubre en qu\u00e9 entornos laborales se recomiendan cascos protecci\u00f3n auditiva y c\u00f3mo elegir el modelo adecuado para ti. \u00a1Lee m\u00e1s!","robots":{"index":"index","follow":"follow","max-snippet":"max-snippet:-1","max-image-preview":"max-image-preview:large","max-video-preview":"max-video-preview:-1"},"canonical":"https:\/\/www.masproteccionlaboral.com\/blog\/casco-proteccion-auditiva-en-entornos-industriales.html","og_locale":"es_ES","og_type":"article","og_title":"\u00bfCu\u00e1ndo usar cascos protecci\u00f3n auditiva en entornos industriales?","og_description":"Descubre en qu\u00e9 entornos laborales se recomiendan cascos protecci\u00f3n auditiva y c\u00f3mo elegir el modelo adecuado para ti. \u00a1Lee m\u00e1s!","og_url":"https:\/\/www.masproteccionlaboral.com\/blog\/casco-proteccion-auditiva-en-entornos-industriales.html","og_site_name":"Blog de Masprotecci\u00f3n Laboral","article_published_time":"2026-03-10T10:57:30+00:00","og_image":[{"width":768,"height":512,"url":"https:\/\/www.masproteccionlaboral.com\/blog\/wp-content\/uploads\/2026\/03\/casco-proteccion-auditiva.jpg","type":"image\/jpeg"}],"author":"Greta Fedeli","twitter_card":"summary_large_image","twitter_misc":{"Escrito por":"Greta Fedeli","Tiempo de lectura":"8 minutos"},"schema":{"@context":"https:\/\/schema.org","@graph":[{"@type":"Article","@id":"https:\/\/www.masproteccionlaboral.com\/blog\/casco-proteccion-auditiva-en-entornos-industriales.html#article","isPartOf":{"@id":"https:\/\/www.masproteccionlaboral.com\/blog\/casco-proteccion-auditiva-en-entornos-industriales.html"},"author":{"name":"Greta Fedeli","@id":"https:\/\/www.masproteccionlaboral.com\/blog\/#\/schema\/person\/35dcfa79331bb58be541f05d6a2f413e"},"headline":"\u00bfCu\u00e1ndo conviene usar cascos protecci\u00f3n auditiva en entornos industriales?","datePublished":"2026-03-10T10:57:30+00:00","mainEntityOfPage":{"@id":"https:\/\/www.masproteccionlaboral.com\/blog\/casco-proteccion-auditiva-en-entornos-industriales.html"},"wordCount":1703,"publisher":{"@id":"https:\/\/www.masproteccionlaboral.com\/blog\/#organization"},"image":{"@id":"https:\/\/www.masproteccionlaboral.com\/blog\/casco-proteccion-auditiva-en-entornos-industriales.html#primaryimage"},"thumbnailUrl":"https:\/\/www.masproteccionlaboral.com\/blog\/wp-content\/uploads\/2026\/03\/casco-proteccion-auditiva.jpg","articleSection":["EPIS","Prevenci\u00f3n de Riesgos Laborales"],"inLanguage":"es"},{"@type":"WebPage","@id":"https:\/\/www.masproteccionlaboral.com\/blog\/casco-proteccion-auditiva-en-entornos-industriales.html","url":"https:\/\/www.masproteccionlaboral.com\/blog\/casco-proteccion-auditiva-en-entornos-industriales.html","name":"\u00bfCu\u00e1ndo usar cascos protecci\u00f3n auditiva en entornos industriales?","isPartOf":{"@id":"https:\/\/www.masproteccionlaboral.com\/blog\/#website"},"primaryImageOfPage":{"@id":"https:\/\/www.masproteccionlaboral.com\/blog\/casco-proteccion-auditiva-en-entornos-industriales.html#primaryimage"},"image":{"@id":"https:\/\/www.masproteccionlaboral.com\/blog\/casco-proteccion-auditiva-en-entornos-industriales.html#primaryimage"},"thumbnailUrl":"https:\/\/www.masproteccionlaboral.com\/blog\/wp-content\/uploads\/2026\/03\/casco-proteccion-auditiva.jpg","datePublished":"2026-03-10T10:57:30+00:00","description":"Descubre en qu\u00e9 entornos laborales se recomiendan cascos protecci\u00f3n auditiva y c\u00f3mo elegir el modelo adecuado para ti. \u00a1Lee m\u00e1s!","breadcrumb":{"@id":"https:\/\/www.masproteccionlaboral.com\/blog\/casco-proteccion-auditiva-en-entornos-industriales.html#breadcrumb"},"inLanguage":"es","potentialAction":[{"@type":"ReadAction","target":["https:\/\/www.masproteccionlaboral.com\/blog\/casco-proteccion-auditiva-en-entornos-industriales.html"]}]},{"@type":"ImageObject","inLanguage":"es","@id":"https:\/\/www.masproteccionlaboral.com\/blog\/casco-proteccion-auditiva-en-entornos-industriales.html#primaryimage","url":"https:\/\/www.masproteccionlaboral.com\/blog\/wp-content\/uploads\/2026\/03\/casco-proteccion-auditiva.jpg","contentUrl":"https:\/\/www.masproteccionlaboral.com\/blog\/wp-content\/uploads\/2026\/03\/casco-proteccion-auditiva.jpg","width":768,"height":512,"caption":"Hombre con cascos de protecci\u00f3n auditiva"},{"@type":"BreadcrumbList","@id":"https:\/\/www.masproteccionlaboral.com\/blog\/casco-proteccion-auditiva-en-entornos-industriales.html#breadcrumb","itemListElement":[{"@type":"ListItem","position":1,"name":"Portada","item":"https:\/\/www.masproteccionlaboral.com\/blog\/"},{"@type":"ListItem","position":2,"name":"\u00bfCu\u00e1ndo conviene usar cascos protecci\u00f3n auditiva en entornos industriales?"}]},{"@type":"WebSite","@id":"https:\/\/www.masproteccionlaboral.com\/blog\/#website","url":"https:\/\/www.masproteccionlaboral.com\/blog\/","name":"Blog de Masprotecci\u00f3n Laboral","description":"Blog de Protecci\u00f3n laboral","publisher":{"@id":"https:\/\/www.masproteccionlaboral.com\/blog\/#organization"},"potentialAction":[{"@type":"SearchAction","target":{"@type":"EntryPoint","urlTemplate":"https:\/\/www.masproteccionlaboral.com\/blog\/?s={search_term_string}"},"query-input":{"@type":"PropertyValueSpecification","valueRequired":true,"valueName":"search_term_string"}}],"inLanguage":"es"},{"@type":"Organization","@id":"https:\/\/www.masproteccionlaboral.com\/blog\/#organization","name":"Blog de Masprotecci\u00f3n Laboral","url":"https:\/\/www.masproteccionlaboral.com\/blog\/","logo":{"@type":"ImageObject","inLanguage":"es","@id":"https:\/\/www.masproteccionlaboral.com\/blog\/#\/schema\/logo\/image\/","url":"https:\/\/www.masproteccionlaboral.com\/blog\/wp-content\/uploads\/2021\/12\/logo-cabecera.png","contentUrl":"https:\/\/www.masproteccionlaboral.com\/blog\/wp-content\/uploads\/2021\/12\/logo-cabecera.png","width":332,"height":60,"caption":"Blog de Masprotecci\u00f3n Laboral"},"image":{"@id":"https:\/\/www.masproteccionlaboral.com\/blog\/#\/schema\/logo\/image\/"}},{"@type":"Person","@id":"https:\/\/www.masproteccionlaboral.com\/blog\/#\/schema\/person\/35dcfa79331bb58be541f05d6a2f413e","name":"Greta Fedeli","image":{"@type":"ImageObject","inLanguage":"es","@id":"https:\/\/www.masproteccionlaboral.com\/blog\/#\/schema\/person\/image\/","url":"https:\/\/secure.gravatar.com\/avatar\/ede8231896c0e48ed7e565221ba1cb77?s=96&d=mm&r=g","contentUrl":"https:\/\/secure.gravatar.com\/avatar\/ede8231896c0e48ed7e565221ba1cb77?s=96&d=mm&r=g","caption":"Greta Fedeli"},"sameAs":["https:\/\/www.linkedin.com\/in\/greta-fedeli-736a074a\/"],"url":"https:\/\/www.masproteccionlaboral.com\/blog\/author\/fedeligretagmail-com"}]}},"_links":{"self":[{"href":"https:\/\/www.masproteccionlaboral.com\/blog\/wp-json\/wp\/v2\/posts\/1277"}],"collection":[{"href":"https:\/\/www.masproteccionlaboral.com\/blog\/wp-json\/wp\/v2\/posts"}],"about":[{"href":"https:\/\/www.masproteccionlaboral.com\/blog\/wp-json\/wp\/v2\/types\/post"}],"author":[{"embeddable":true,"href":"https:\/\/www.masproteccionlaboral.com\/blog\/wp-json\/wp\/v2\/users\/3"}],"replies":[{"embeddable":true,"href":"https:\/\/www.masproteccionlaboral.com\/blog\/wp-json\/wp\/v2\/comments?post=1277"}],"version-history":[{"count":1,"href":"https:\/\/www.masproteccionlaboral.com\/blog\/wp-json\/wp\/v2\/posts\/1277\/revisions"}],"predecessor-version":[{"id":1279,"href":"https:\/\/www.masproteccionlaboral.com\/blog\/wp-json\/wp\/v2\/posts\/1277\/revisions\/1279"}],"wp:featuredmedia":[{"embeddable":true,"href":"https:\/\/www.masproteccionlaboral.com\/blog\/wp-json\/wp\/v2\/media\/1278"}],"wp:attachment":[{"href":"https:\/\/www.masproteccionlaboral.com\/blog\/wp-json\/wp\/v2\/media?parent=1277"}],"wp:term":[{"taxonomy":"category","embeddable":true,"href":"https:\/\/www.masproteccionlaboral.com\/blog\/wp-json\/wp\/v2\/categories?post=1277"},{"taxonomy":"post_tag","embeddable":true,"href":"https:\/\/www.masproteccionlaboral.com\/blog\/wp-json\/wp\/v2\/tags?post=1277"}],"curies":[{"name":"wp","href":"https:\/\/api.w.org\/{rel}","templated":true}]}}