{"id":1246,"date":"2026-01-27T11:53:35","date_gmt":"2026-01-27T11:53:35","guid":{"rendered":"https:\/\/www.masproteccionlaboral.com\/blog\/?p=1246"},"modified":"2025-12-05T12:30:06","modified_gmt":"2025-12-05T12:30:06","slug":"proteccion-laboral-equipos-esenciales","status":"publish","type":"post","link":"https:\/\/www.masproteccionlaboral.com\/blog\/proteccion-laboral-equipos-esenciales.html","title":{"rendered":"Protecci\u00f3n laboral: Equipos esenciales para trabajar con seguridad"},"content":{"rendered":"\n<p>La <strong>protecci\u00f3n laboral<\/strong> es un pilar fundamental en cualquier entorno de trabajo, en especial en aquellos donde los riesgos f\u00edsicos, qu\u00edmicos o ambientales est\u00e1n presentes. Contar con buenos equipos, permite cumplir con las normativas vigentes, reducir los accidentes y mejorar la productividad general.&nbsp;<\/p>\n\n\n\n<p>Desde M\u00e1s Protecci\u00f3n Laboral, veremos cu\u00e1l es la importancia de la seguridad en \u00e1mbitos laborales y los diversos equipos de <strong>protecci\u00f3n laboral <\/strong>que existen en el mercado. Adem\u00e1s, te ayudaremos a elegir los modelos m\u00e1s adecuados para ti. \u00a1Sigue leyendo!<\/p>\n\n\n\n<h2 class=\"wp-block-heading\"><strong>\u00bfQu\u00e9 es la protecci\u00f3n laboral?<\/strong><\/h2>\n\n\n\n<p>La <strong>protecci\u00f3n laboral<\/strong> es el conjunto de medidas, normas, equipos y procedimientos destinados a prevenir accidentes y enfermedades profesionales en el entorno de trabajo. Su finalidad es salvaguardar la seguridad, la salud y el bienestar de las personas trabajadoras, lo que garantiza que las condiciones laborales sean seguras y adecuadas para el desempe\u00f1o de cada tarea.<\/p>\n\n\n\n<p>Este concepto abarca tanto los equipos de <strong>protecci\u00f3n laboral <\/strong>individual como las acciones colectivas que las empresas implementan para reducir riesgos, tales como la se\u00f1alizaci\u00f3n, la ventilaci\u00f3n adecuada o los planes de emergencia. En conjunto, todos estos elementos conforman un sistema de prevenci\u00f3n integral que protege al trabajador frente a los posibles peligros derivados de su actividad.<\/p>\n\n\n\n<h2 class=\"wp-block-heading\"><strong>\u00bfPor qu\u00e9 es importante la seguridad en el trabajo?<\/strong><\/h2>\n\n\n\n<p>La seguridad en el trabajo es clave para garantizar el bienestar f\u00edsico y mental de las personas trabajadoras, as\u00ed como para asegurar el correcto funcionamiento de cualquier empresa.&nbsp;<\/p>\n\n\n\n<p>Implementar medidas de prevenci\u00f3n y seguridad no solo reduce la probabilidad de accidentes y enfermedades laborales, sino que tambi\u00e9n mejora la productividad, el clima laboral y la reputaci\u00f3n corporativa.<\/p>\n\n\n\n<p>En primer lugar, un entorno laboral seguro permite proteger la integridad de los empleados. Esto evita lesiones, exposiciones a sustancias peligrosas o situaciones de riesgo. Adem\u00e1s, contribuye a disminuir el absentismo y los costes asociados a accidentes o bajas m\u00e9dicas, lo que se traduce en una mayor eficiencia operativa y en la sostenibilidad econ\u00f3mica de la organizaci\u00f3n.<\/p>\n\n\n\n<p>Desde un punto de vista legal, la seguridad en el trabajo es una obligaci\u00f3n regulada por la Ley 31\/1995 de Prevenci\u00f3n de Riesgos Laborales, que establece las responsabilidades del empresario en materia de evaluaci\u00f3n de riesgos, formaci\u00f3n preventiva y provisi\u00f3n de equipos de <strong>protecci\u00f3n laboral <\/strong>adecuados. Cumplir con estas normas no solo evita sanciones, sino que demuestra un compromiso real con la salud laboral y el respeto por las personas.<\/p>\n\n\n\n<p>Por otro lado, fomentar una cultura preventiva dentro de la empresa refuerza la confianza del equipo, mejora la comunicaci\u00f3n y promueve la participaci\u00f3n activa de los trabajadores en la detecci\u00f3n de posibles riesgos. Cuando las personas se sienten seguras, trabajan con mayor motivaci\u00f3n y compromiso, lo que repercute positivamente en la calidad del trabajo y en la competitividad del negocio.<\/p>\n\n\n\n<h2 class=\"wp-block-heading\"><strong>Diferencias entre equipos y elementos de protecci\u00f3n laboral\u200b<\/strong><\/h2>\n\n\n\n<p>Aunque a menudo se utilizan como sin\u00f3nimos, los equipos y los <strong>elementos de protecci\u00f3n laboral\u200b<\/strong> no son exactamente lo mismo. Ambos forman parte de las medidas de seguridad destinadas a reducir los riesgos en el entorno de trabajo, pero su funci\u00f3n y alcance presentan diferencias claras.<\/p>\n\n\n\n<p>Los <strong>epis proteccion laboral\u200b<\/strong> son dispositivos o conjuntos de piezas dise\u00f1ados para proteger de manera directa a la persona trabajadora frente a uno o varios riesgos espec\u00edficos. Algunos ejemplos son los cascos de seguridad, las gafas protectoras, los guantes diel\u00e9ctricos o el calzado con puntera reforzada.&nbsp;<\/p>\n\n\n\n<p>Estos <strong>epis protecci\u00f3n laboral\u200b <\/strong>est\u00e1n regulados por normativas europeas y deben cumplir con requisitos t\u00e9cnicos y de certificaci\u00f3n que garanticen su eficacia.<\/p>\n\n\n\n<p>Por su parte, los <strong>elementos de protecci\u00f3n laboral\u200b<\/strong> pueden considerarse accesorios, componentes o recursos complementarios que forman parte del sistema de prevenci\u00f3n dentro de la empresa.&nbsp;<\/p>\n\n\n\n<p>Pueden incluir desde mamparas, barandillas y se\u00f1alizaci\u00f3n hasta dispensadores de gel, alfombrillas antideslizantes o protectores auditivos desechables. Su funci\u00f3n principal es reforzar la seguridad colectiva y facilitar el cumplimiento de las medidas preventivas.<\/p>\n\n\n\n<h2 class=\"wp-block-heading\"><strong>Suministros protecci\u00f3n laboral\u200b<\/strong><\/h2>\n\n\n\n<p>Los <strong>suministros protecci\u00f3n laboral\u200b<\/strong> son todos aquellos productos, equipos y accesorios dise\u00f1ados para proteger la integridad f\u00edsica del trabajador frente a los riesgos que pueden presentarse en su entorno de trabajo. Su correcta selecci\u00f3n y uso resultan esenciales para prevenir accidentes, lesiones o enfermedades profesionales.<\/p>\n\n\n\n<p>Cada sector y tipo de tarea requiere un nivel de <strong>protecci\u00f3n laboral <\/strong>distinto, por lo que es importante elegir el equipamiento adecuado y asegurarse de que cumpla con las normativas europeas de seguridad.&nbsp;<\/p>\n\n\n\n<p>Entre los <strong>suministros protecci\u00f3n laboral\u200b <\/strong>m\u00e1s habituales se encuentran las gafas, fajas, calzado, botas y cascos de <strong>protecci\u00f3n laboral<\/strong>, todos ellos con funciones espec\u00edficas que ayudan a mantener la seguridad diaria del trabajador.<\/p>\n\n\n\n<h3 class=\"wp-block-heading\"><strong>Gafas de protecci\u00f3n laboral\u200b<\/strong><\/h3>\n\n\n\n<p>Las <a href=\"https:\/\/www.masproteccionlaboral.com\/13-epis-proteccion-ocular\">gafas de protecci\u00f3n laboral<\/a> son indispensables en entornos donde existe riesgo de proyecci\u00f3n de part\u00edculas, salpicaduras qu\u00edmicas o exposici\u00f3n a radiaciones. Protegen los ojos de impactos y agentes nocivos, lo que garantiza una visi\u00f3n segura y sin obst\u00e1culos durante la jornada laboral.<\/p>\n\n\n\n<p>Existen diferentes tipos de <strong>gafas de protecci\u00f3n laboral\u200b <\/strong>seg\u00fan el nivel de riesgo: las de montura integral, que cubren completamente el contorno ocular; las de <strong>protecci\u00f3n laboral <\/strong>lateral, m\u00e1s ligeras y ventiladas; y las que incorporan filtros espec\u00edficos para radiaciones l\u00e1ser o ultravioleta.<\/p>\n\n\n\n<p>Para asegurar su eficacia, las <strong>gafas de protecci\u00f3n laboral\u200b <\/strong>deben cumplir con la norma EN 166 y adaptarse correctamente al rostro del usuario, sin comprometer la comodidad ni la visibilidad.<\/p>\n\n\n\n<h3 class=\"wp-block-heading\"><strong>Fajas de protecci\u00f3n laboral\u200b<\/strong><\/h3>\n\n\n\n<p>Las <strong>fajas de protecci\u00f3n laboral\u200b <\/strong>est\u00e1n pensadas para prevenir lesiones lumbares en trabajadores que realizan esfuerzos f\u00edsicos, levantamiento de cargas o movimientos repetitivos. Su funci\u00f3n principal es brindar soporte a la zona lumbar y abdominal, lo que favorece una postura correcta y reduce la presi\u00f3n sobre la columna vertebral.<\/p>\n\n\n\n<p>Aunque no sustituyen una t\u00e9cnica de levantamiento adecuada, una <a href=\"https:\/\/www.masproteccionlaboral.com\/module\/iqitsearch\/searchiqit?s=faja\">faja de protecci\u00f3n<\/a> es un complemento eficaz dentro del equipamiento preventivo, especialmente en sectores como la log\u00edstica, el transporte o la construcci\u00f3n. Las <strong>fajas de protecci\u00f3n laboral\u200b <\/strong>deben ser transpirables, ajustables y permitir libertad de movimiento sin causar incomodidad.<\/p>\n\n\n\n<h3 class=\"wp-block-heading\"><strong>Calzado de protecci\u00f3n laboral\u200b<\/strong><\/h3>\n\n\n\n<p>El <strong>calzado de protecci\u00f3n laboral\u200b<\/strong> es una de las piezas m\u00e1s importantes del equipo de seguridad personal. Est\u00e1 dise\u00f1ado para proteger los pies frente a impactos, compresiones, resbalones o perforaciones, adem\u00e1s de ofrecer estabilidad y confort durante largas jornadas.<\/p>\n\n\n\n<p>Seg\u00fan el tipo de riesgo, el <a href=\"https:\/\/www.masproteccionlaboral.com\/9-calzado-de-trabajo\">calzado de seguridad<\/a> puede incorporar punteras reforzadas de acero o composite, plantillas antiperforaci\u00f3n, suelas antideslizantes y materiales resistentes a aceites, agua o productos qu\u00edmicos.<\/p>\n\n\n\n<p>El uso de un <strong>calzado de protecci\u00f3n laboral\u200b <\/strong>adecuado no solo previene accidentes, sino que tambi\u00e9n mejora la postura y reduce la fatiga, algo fundamental en trabajos de pie o con desplazamientos continuos.<\/p>\n\n\n\n<h4 class=\"wp-block-heading\"><strong>Zapatos proteccion laboral<\/strong><\/h4>\n\n\n\n<p>Los <a href=\"https:\/\/www.masproteccionlaboral.com\/12-calzado-zapatos-de-seguridad\">zapatos de protecci\u00f3n laboral<\/a> son una variante m\u00e1s ligera del calzado de seguridad tradicional. Est\u00e1n pensados para entornos donde los riesgos son moderados, pero se requiere comodidad, movilidad y una buena presentaci\u00f3n est\u00e9tica.<\/p>\n\n\n\n<p>Se utilizan con frecuencia en talleres, almacenes o espacios industriales donde no es necesario un calzado de ca\u00f1a alta. Los <strong>zapatos protecci\u00f3n laboral <\/strong>m\u00e1s avanzados combinan materiales transpirables, puntera de seguridad y suela antideslizante.<\/p>\n\n\n\n<p>El dise\u00f1o ergon\u00f3mico y ligereza de los <strong>zapatos protecci\u00f3n laboral <\/strong>los convierten en una opci\u00f3n muy valorada por profesionales que necesitan moverse constantemente sin comprometer su seguridad.<\/p>\n\n\n\n<h4 class=\"wp-block-heading\"><strong>Botas protecci\u00f3n laboral<\/strong><\/h4>\n\n\n\n<p>Las <strong>botas protecci\u00f3n laboral<\/strong> proporcionan una cobertura m\u00e1s amplia que los zapatos, ya que protegen tambi\u00e9n el tobillo y parte de la pierna. Son muy recomendadas en sectores como la construcci\u00f3n, la industria pesada o la agricultura, donde los riesgos de impacto, humedad o contacto con sustancias peligrosas son mayores.<\/p>\n\n\n\n<p>Adem\u00e1s de su resistencia, las <a href=\"https:\/\/www.masproteccionlaboral.com\/17-calzado-botas-de-seguridad\">botas de trabajo<\/a> ofrecen aislamiento t\u00e9rmico y protecci\u00f3n frente a la electricidad o el agua, seg\u00fan el modelo. Las <strong>botas protecci\u00f3n laboral <\/strong>deben cumplir con la norma EN ISO 20345, que regula las caracter\u00edsticas de seguridad obligatorias, como la puntera reforzada y la suela antideslizante.<\/p>\n\n\n\n<h3 class=\"wp-block-heading\"><strong>Cascos de protecci\u00f3n laboral<\/strong><\/h3>\n\n\n\n<p>Los <strong>cascos de protecci\u00f3n laboral <\/strong>son fundamentales para proteger la cabeza frente a ca\u00eddas de objetos, golpes o impactos accidentales. Forman parte del equipo b\u00e1sico en sectores como la construcci\u00f3n, la miner\u00eda, la industria el\u00e9ctrica o la manutenci\u00f3n.<\/p>\n\n\n\n<p>Estos <a href=\"https:\/\/www.masproteccionlaboral.com\/5-epis-proteccion-de-la-cabeza\">cascos de seguridad<\/a> est\u00e1n fabricados con materiales resistentes como el polietileno de alta densidad y deben cumplir la norma EN 397, que regula su capacidad de absorci\u00f3n de impactos, sujeci\u00f3n y resistencia a la penetraci\u00f3n.<\/p>\n\n\n\n<p>Algunos <strong>cascos de protecci\u00f3n laboral <\/strong>incluyen sistemas de ventilaci\u00f3n, ajustes ergon\u00f3micos y adaptadores para visores o protectores auditivos, lo que permite combinarlos con otros elementos de <strong>protecci\u00f3n laboral <\/strong>seg\u00fan las necesidades del entorno laboral.<\/p>\n\n\n\n<h2 class=\"wp-block-heading\"><strong>\u00bfD\u00f3nde comprar productos de protecci\u00f3n laboral\u200b?<\/strong><\/h2>\n\n\n\n<p>Si buscas <strong>comprar productos de protecci\u00f3n laboral\u200b<\/strong> que cumplan con las normativas europeas y ofrezcan la m\u00e1xima seguridad, calidad y confort, lo ideal es acudir a tiendas especializadas que trabajen con marcas certificadas y reconocidas dentro del sector. De esta manera, podr\u00e1s asegurarte de que cada art\u00edculo cumple con los est\u00e1ndares exigidos por la legislaci\u00f3n vigente.<\/p>\n\n\n\n<p>En la tienda de M\u00e1s Protecci\u00f3n Laboral encontrar\u00e1s un cat\u00e1logo completo con equipos y elementos dise\u00f1ados para distintos tipos de entornos y niveles de riesgo, tanto individual como colectivo. Cada producto cuenta con descripci\u00f3n t\u00e9cnica detallada, certificaciones y recomendaciones de uso, lo que facilita elegir la opci\u00f3n m\u00e1s adecuada para tu trabajo o el de tu equipo.<\/p>\n\n\n\n<p>Nuestra plataforma ofrece precios competitivos, promociones exclusivas y asesoramiento profesional. Adem\u00e1s, contamos con un equipo de expertos que te responder\u00e1n todas tus consultas sobre la <strong>protecci\u00f3n laboral<\/strong>.<\/p>\n\n\n\n<p>\u00a1Visita la <a href=\"https:\/\/www.masproteccionlaboral.com\/\">tienda en l\u00ednea de M\u00e1s Protecci\u00f3n Laboral<\/a> ahora!<\/p>\n","protected":false},"excerpt":{"rendered":"<p>La protecci\u00f3n laboral es un pilar fundamental en cualquier entorno de trabajo, en especial en aquellos donde los riesgos f\u00edsicos,<\/p>\n","protected":false},"author":3,"featured_media":1247,"comment_status":"closed","ping_status":"closed","sticky":false,"template":"","format":"standard","meta":{"footnotes":""},"categories":[24],"tags":[],"class_list":["post-1246","post","type-post","status-publish","format-standard","has-post-thumbnail","hentry","category-prevencion-de-riesgos-laborales"],"yoast_head":"<!-- This site is optimized with the Yoast SEO plugin v25.6 - https:\/\/yoast.com\/wordpress\/plugins\/seo\/ -->\n<title>Protecci\u00f3n laboral: Equipos esenciales | M\u00e1s Protecci\u00f3n Laboral<\/title>\n<meta name=\"description\" content=\"Descubre todo sobre la protecci\u00f3n laboral. Estos son los equipos esenciales para trabajar con seguridad. \u00a1Lee m\u00e1s!\" \/>\n<meta name=\"robots\" content=\"index, follow, max-snippet:-1, max-image-preview:large, max-video-preview:-1\" \/>\n<link rel=\"canonical\" href=\"https:\/\/www.masproteccionlaboral.com\/blog\/proteccion-laboral-equipos-esenciales.html\" \/>\n<meta property=\"og:locale\" content=\"es_ES\" \/>\n<meta property=\"og:type\" content=\"article\" \/>\n<meta property=\"og:title\" content=\"Protecci\u00f3n laboral: Equipos esenciales | M\u00e1s Protecci\u00f3n Laboral\" \/>\n<meta property=\"og:description\" content=\"Descubre todo sobre la protecci\u00f3n laboral. Estos son los equipos esenciales para trabajar con seguridad. \u00a1Lee m\u00e1s!\" \/>\n<meta property=\"og:url\" content=\"https:\/\/www.masproteccionlaboral.com\/blog\/proteccion-laboral-equipos-esenciales.html\" \/>\n<meta property=\"og:site_name\" content=\"Blog de Masprotecci\u00f3n Laboral\" \/>\n<meta property=\"article:published_time\" content=\"2026-01-27T11:53:35+00:00\" \/>\n<meta property=\"og:image\" content=\"https:\/\/www.masproteccionlaboral.com\/blog\/wp-content\/uploads\/2025\/12\/proteccion-laboral-equipos-esenciales.jpg\" \/>\n\t<meta property=\"og:image:width\" content=\"768\" \/>\n\t<meta property=\"og:image:height\" content=\"512\" \/>\n\t<meta property=\"og:image:type\" content=\"image\/jpeg\" \/>\n<meta name=\"author\" content=\"Greta Fedeli\" \/>\n<meta name=\"twitter:card\" content=\"summary_large_image\" \/>\n<meta name=\"twitter:label1\" content=\"Escrito por\" \/>\n\t<meta name=\"twitter:data1\" content=\"Greta Fedeli\" \/>\n\t<meta name=\"twitter:label2\" content=\"Tiempo de lectura\" \/>\n\t<meta name=\"twitter:data2\" content=\"8 minutos\" \/>\n<script type=\"application\/ld+json\" class=\"yoast-schema-graph\">{\"@context\":\"https:\/\/schema.org\",\"@graph\":[{\"@type\":\"Article\",\"@id\":\"https:\/\/www.masproteccionlaboral.com\/blog\/proteccion-laboral-equipos-esenciales.html#article\",\"isPartOf\":{\"@id\":\"https:\/\/www.masproteccionlaboral.com\/blog\/proteccion-laboral-equipos-esenciales.html\"},\"author\":{\"name\":\"Greta Fedeli\",\"@id\":\"https:\/\/www.masproteccionlaboral.com\/blog\/#\/schema\/person\/35dcfa79331bb58be541f05d6a2f413e\"},\"headline\":\"Protecci\u00f3n laboral: Equipos esenciales para trabajar con seguridad\",\"datePublished\":\"2026-01-27T11:53:35+00:00\",\"mainEntityOfPage\":{\"@id\":\"https:\/\/www.masproteccionlaboral.com\/blog\/proteccion-laboral-equipos-esenciales.html\"},\"wordCount\":1716,\"publisher\":{\"@id\":\"https:\/\/www.masproteccionlaboral.com\/blog\/#organization\"},\"image\":{\"@id\":\"https:\/\/www.masproteccionlaboral.com\/blog\/proteccion-laboral-equipos-esenciales.html#primaryimage\"},\"thumbnailUrl\":\"https:\/\/www.masproteccionlaboral.com\/blog\/wp-content\/uploads\/2025\/12\/proteccion-laboral-equipos-esenciales.jpg\",\"articleSection\":[\"Prevenci\u00f3n de Riesgos Laborales\"],\"inLanguage\":\"es\"},{\"@type\":\"WebPage\",\"@id\":\"https:\/\/www.masproteccionlaboral.com\/blog\/proteccion-laboral-equipos-esenciales.html\",\"url\":\"https:\/\/www.masproteccionlaboral.com\/blog\/proteccion-laboral-equipos-esenciales.html\",\"name\":\"Protecci\u00f3n laboral: Equipos esenciales | M\u00e1s Protecci\u00f3n Laboral\",\"isPartOf\":{\"@id\":\"https:\/\/www.masproteccionlaboral.com\/blog\/#website\"},\"primaryImageOfPage\":{\"@id\":\"https:\/\/www.masproteccionlaboral.com\/blog\/proteccion-laboral-equipos-esenciales.html#primaryimage\"},\"image\":{\"@id\":\"https:\/\/www.masproteccionlaboral.com\/blog\/proteccion-laboral-equipos-esenciales.html#primaryimage\"},\"thumbnailUrl\":\"https:\/\/www.masproteccionlaboral.com\/blog\/wp-content\/uploads\/2025\/12\/proteccion-laboral-equipos-esenciales.jpg\",\"datePublished\":\"2026-01-27T11:53:35+00:00\",\"description\":\"Descubre todo sobre la protecci\u00f3n laboral. Estos son los equipos esenciales para trabajar con seguridad. \u00a1Lee m\u00e1s!\",\"breadcrumb\":{\"@id\":\"https:\/\/www.masproteccionlaboral.com\/blog\/proteccion-laboral-equipos-esenciales.html#breadcrumb\"},\"inLanguage\":\"es\",\"potentialAction\":[{\"@type\":\"ReadAction\",\"target\":[\"https:\/\/www.masproteccionlaboral.com\/blog\/proteccion-laboral-equipos-esenciales.html\"]}]},{\"@type\":\"ImageObject\",\"inLanguage\":\"es\",\"@id\":\"https:\/\/www.masproteccionlaboral.com\/blog\/proteccion-laboral-equipos-esenciales.html#primaryimage\",\"url\":\"https:\/\/www.masproteccionlaboral.com\/blog\/wp-content\/uploads\/2025\/12\/proteccion-laboral-equipos-esenciales.jpg\",\"contentUrl\":\"https:\/\/www.masproteccionlaboral.com\/blog\/wp-content\/uploads\/2025\/12\/proteccion-laboral-equipos-esenciales.jpg\",\"width\":768,\"height\":512,\"caption\":\"Trabajador con protecci\u00f3n laboral y sus equipos esenciales\"},{\"@type\":\"BreadcrumbList\",\"@id\":\"https:\/\/www.masproteccionlaboral.com\/blog\/proteccion-laboral-equipos-esenciales.html#breadcrumb\",\"itemListElement\":[{\"@type\":\"ListItem\",\"position\":1,\"name\":\"Portada\",\"item\":\"https:\/\/www.masproteccionlaboral.com\/blog\/\"},{\"@type\":\"ListItem\",\"position\":2,\"name\":\"Protecci\u00f3n laboral: Equipos esenciales para trabajar con seguridad\"}]},{\"@type\":\"WebSite\",\"@id\":\"https:\/\/www.masproteccionlaboral.com\/blog\/#website\",\"url\":\"https:\/\/www.masproteccionlaboral.com\/blog\/\",\"name\":\"Blog de Masprotecci\u00f3n Laboral\",\"description\":\"Blog de Protecci\u00f3n laboral\",\"publisher\":{\"@id\":\"https:\/\/www.masproteccionlaboral.com\/blog\/#organization\"},\"potentialAction\":[{\"@type\":\"SearchAction\",\"target\":{\"@type\":\"EntryPoint\",\"urlTemplate\":\"https:\/\/www.masproteccionlaboral.com\/blog\/?s={search_term_string}\"},\"query-input\":{\"@type\":\"PropertyValueSpecification\",\"valueRequired\":true,\"valueName\":\"search_term_string\"}}],\"inLanguage\":\"es\"},{\"@type\":\"Organization\",\"@id\":\"https:\/\/www.masproteccionlaboral.com\/blog\/#organization\",\"name\":\"Blog de Masprotecci\u00f3n Laboral\",\"url\":\"https:\/\/www.masproteccionlaboral.com\/blog\/\",\"logo\":{\"@type\":\"ImageObject\",\"inLanguage\":\"es\",\"@id\":\"https:\/\/www.masproteccionlaboral.com\/blog\/#\/schema\/logo\/image\/\",\"url\":\"https:\/\/www.masproteccionlaboral.com\/blog\/wp-content\/uploads\/2021\/12\/logo-cabecera.png\",\"contentUrl\":\"https:\/\/www.masproteccionlaboral.com\/blog\/wp-content\/uploads\/2021\/12\/logo-cabecera.png\",\"width\":332,\"height\":60,\"caption\":\"Blog de Masprotecci\u00f3n Laboral\"},\"image\":{\"@id\":\"https:\/\/www.masproteccionlaboral.com\/blog\/#\/schema\/logo\/image\/\"}},{\"@type\":\"Person\",\"@id\":\"https:\/\/www.masproteccionlaboral.com\/blog\/#\/schema\/person\/35dcfa79331bb58be541f05d6a2f413e\",\"name\":\"Greta Fedeli\",\"image\":{\"@type\":\"ImageObject\",\"inLanguage\":\"es\",\"@id\":\"https:\/\/www.masproteccionlaboral.com\/blog\/#\/schema\/person\/image\/\",\"url\":\"https:\/\/secure.gravatar.com\/avatar\/ede8231896c0e48ed7e565221ba1cb77?s=96&d=mm&r=g\",\"contentUrl\":\"https:\/\/secure.gravatar.com\/avatar\/ede8231896c0e48ed7e565221ba1cb77?s=96&d=mm&r=g\",\"caption\":\"Greta Fedeli\"},\"sameAs\":[\"https:\/\/www.linkedin.com\/in\/greta-fedeli-736a074a\/\"],\"url\":\"https:\/\/www.masproteccionlaboral.com\/blog\/author\/fedeligretagmail-com\"}]}<\/script>\n<!-- \/ Yoast SEO plugin. -->","yoast_head_json":{"title":"Protecci\u00f3n laboral: Equipos esenciales | M\u00e1s Protecci\u00f3n Laboral","description":"Descubre todo sobre la protecci\u00f3n laboral. Estos son los equipos esenciales para trabajar con seguridad. \u00a1Lee m\u00e1s!","robots":{"index":"index","follow":"follow","max-snippet":"max-snippet:-1","max-image-preview":"max-image-preview:large","max-video-preview":"max-video-preview:-1"},"canonical":"https:\/\/www.masproteccionlaboral.com\/blog\/proteccion-laboral-equipos-esenciales.html","og_locale":"es_ES","og_type":"article","og_title":"Protecci\u00f3n laboral: Equipos esenciales | M\u00e1s Protecci\u00f3n Laboral","og_description":"Descubre todo sobre la protecci\u00f3n laboral. Estos son los equipos esenciales para trabajar con seguridad. \u00a1Lee m\u00e1s!","og_url":"https:\/\/www.masproteccionlaboral.com\/blog\/proteccion-laboral-equipos-esenciales.html","og_site_name":"Blog de Masprotecci\u00f3n Laboral","article_published_time":"2026-01-27T11:53:35+00:00","og_image":[{"width":768,"height":512,"url":"https:\/\/www.masproteccionlaboral.com\/blog\/wp-content\/uploads\/2025\/12\/proteccion-laboral-equipos-esenciales.jpg","type":"image\/jpeg"}],"author":"Greta Fedeli","twitter_card":"summary_large_image","twitter_misc":{"Escrito por":"Greta Fedeli","Tiempo de lectura":"8 minutos"},"schema":{"@context":"https:\/\/schema.org","@graph":[{"@type":"Article","@id":"https:\/\/www.masproteccionlaboral.com\/blog\/proteccion-laboral-equipos-esenciales.html#article","isPartOf":{"@id":"https:\/\/www.masproteccionlaboral.com\/blog\/proteccion-laboral-equipos-esenciales.html"},"author":{"name":"Greta Fedeli","@id":"https:\/\/www.masproteccionlaboral.com\/blog\/#\/schema\/person\/35dcfa79331bb58be541f05d6a2f413e"},"headline":"Protecci\u00f3n laboral: Equipos esenciales para trabajar con seguridad","datePublished":"2026-01-27T11:53:35+00:00","mainEntityOfPage":{"@id":"https:\/\/www.masproteccionlaboral.com\/blog\/proteccion-laboral-equipos-esenciales.html"},"wordCount":1716,"publisher":{"@id":"https:\/\/www.masproteccionlaboral.com\/blog\/#organization"},"image":{"@id":"https:\/\/www.masproteccionlaboral.com\/blog\/proteccion-laboral-equipos-esenciales.html#primaryimage"},"thumbnailUrl":"https:\/\/www.masproteccionlaboral.com\/blog\/wp-content\/uploads\/2025\/12\/proteccion-laboral-equipos-esenciales.jpg","articleSection":["Prevenci\u00f3n de Riesgos Laborales"],"inLanguage":"es"},{"@type":"WebPage","@id":"https:\/\/www.masproteccionlaboral.com\/blog\/proteccion-laboral-equipos-esenciales.html","url":"https:\/\/www.masproteccionlaboral.com\/blog\/proteccion-laboral-equipos-esenciales.html","name":"Protecci\u00f3n laboral: Equipos esenciales | M\u00e1s Protecci\u00f3n Laboral","isPartOf":{"@id":"https:\/\/www.masproteccionlaboral.com\/blog\/#website"},"primaryImageOfPage":{"@id":"https:\/\/www.masproteccionlaboral.com\/blog\/proteccion-laboral-equipos-esenciales.html#primaryimage"},"image":{"@id":"https:\/\/www.masproteccionlaboral.com\/blog\/proteccion-laboral-equipos-esenciales.html#primaryimage"},"thumbnailUrl":"https:\/\/www.masproteccionlaboral.com\/blog\/wp-content\/uploads\/2025\/12\/proteccion-laboral-equipos-esenciales.jpg","datePublished":"2026-01-27T11:53:35+00:00","description":"Descubre todo sobre la protecci\u00f3n laboral. Estos son los equipos esenciales para trabajar con seguridad. \u00a1Lee m\u00e1s!","breadcrumb":{"@id":"https:\/\/www.masproteccionlaboral.com\/blog\/proteccion-laboral-equipos-esenciales.html#breadcrumb"},"inLanguage":"es","potentialAction":[{"@type":"ReadAction","target":["https:\/\/www.masproteccionlaboral.com\/blog\/proteccion-laboral-equipos-esenciales.html"]}]},{"@type":"ImageObject","inLanguage":"es","@id":"https:\/\/www.masproteccionlaboral.com\/blog\/proteccion-laboral-equipos-esenciales.html#primaryimage","url":"https:\/\/www.masproteccionlaboral.com\/blog\/wp-content\/uploads\/2025\/12\/proteccion-laboral-equipos-esenciales.jpg","contentUrl":"https:\/\/www.masproteccionlaboral.com\/blog\/wp-content\/uploads\/2025\/12\/proteccion-laboral-equipos-esenciales.jpg","width":768,"height":512,"caption":"Trabajador con protecci\u00f3n laboral y sus equipos esenciales"},{"@type":"BreadcrumbList","@id":"https:\/\/www.masproteccionlaboral.com\/blog\/proteccion-laboral-equipos-esenciales.html#breadcrumb","itemListElement":[{"@type":"ListItem","position":1,"name":"Portada","item":"https:\/\/www.masproteccionlaboral.com\/blog\/"},{"@type":"ListItem","position":2,"name":"Protecci\u00f3n laboral: Equipos esenciales para trabajar con seguridad"}]},{"@type":"WebSite","@id":"https:\/\/www.masproteccionlaboral.com\/blog\/#website","url":"https:\/\/www.masproteccionlaboral.com\/blog\/","name":"Blog de Masprotecci\u00f3n Laboral","description":"Blog de Protecci\u00f3n laboral","publisher":{"@id":"https:\/\/www.masproteccionlaboral.com\/blog\/#organization"},"potentialAction":[{"@type":"SearchAction","target":{"@type":"EntryPoint","urlTemplate":"https:\/\/www.masproteccionlaboral.com\/blog\/?s={search_term_string}"},"query-input":{"@type":"PropertyValueSpecification","valueRequired":true,"valueName":"search_term_string"}}],"inLanguage":"es"},{"@type":"Organization","@id":"https:\/\/www.masproteccionlaboral.com\/blog\/#organization","name":"Blog de Masprotecci\u00f3n Laboral","url":"https:\/\/www.masproteccionlaboral.com\/blog\/","logo":{"@type":"ImageObject","inLanguage":"es","@id":"https:\/\/www.masproteccionlaboral.com\/blog\/#\/schema\/logo\/image\/","url":"https:\/\/www.masproteccionlaboral.com\/blog\/wp-content\/uploads\/2021\/12\/logo-cabecera.png","contentUrl":"https:\/\/www.masproteccionlaboral.com\/blog\/wp-content\/uploads\/2021\/12\/logo-cabecera.png","width":332,"height":60,"caption":"Blog de Masprotecci\u00f3n Laboral"},"image":{"@id":"https:\/\/www.masproteccionlaboral.com\/blog\/#\/schema\/logo\/image\/"}},{"@type":"Person","@id":"https:\/\/www.masproteccionlaboral.com\/blog\/#\/schema\/person\/35dcfa79331bb58be541f05d6a2f413e","name":"Greta Fedeli","image":{"@type":"ImageObject","inLanguage":"es","@id":"https:\/\/www.masproteccionlaboral.com\/blog\/#\/schema\/person\/image\/","url":"https:\/\/secure.gravatar.com\/avatar\/ede8231896c0e48ed7e565221ba1cb77?s=96&d=mm&r=g","contentUrl":"https:\/\/secure.gravatar.com\/avatar\/ede8231896c0e48ed7e565221ba1cb77?s=96&d=mm&r=g","caption":"Greta Fedeli"},"sameAs":["https:\/\/www.linkedin.com\/in\/greta-fedeli-736a074a\/"],"url":"https:\/\/www.masproteccionlaboral.com\/blog\/author\/fedeligretagmail-com"}]}},"_links":{"self":[{"href":"https:\/\/www.masproteccionlaboral.com\/blog\/wp-json\/wp\/v2\/posts\/1246"}],"collection":[{"href":"https:\/\/www.masproteccionlaboral.com\/blog\/wp-json\/wp\/v2\/posts"}],"about":[{"href":"https:\/\/www.masproteccionlaboral.com\/blog\/wp-json\/wp\/v2\/types\/post"}],"author":[{"embeddable":true,"href":"https:\/\/www.masproteccionlaboral.com\/blog\/wp-json\/wp\/v2\/users\/3"}],"replies":[{"embeddable":true,"href":"https:\/\/www.masproteccionlaboral.com\/blog\/wp-json\/wp\/v2\/comments?post=1246"}],"version-history":[{"count":1,"href":"https:\/\/www.masproteccionlaboral.com\/blog\/wp-json\/wp\/v2\/posts\/1246\/revisions"}],"predecessor-version":[{"id":1248,"href":"https:\/\/www.masproteccionlaboral.com\/blog\/wp-json\/wp\/v2\/posts\/1246\/revisions\/1248"}],"wp:featuredmedia":[{"embeddable":true,"href":"https:\/\/www.masproteccionlaboral.com\/blog\/wp-json\/wp\/v2\/media\/1247"}],"wp:attachment":[{"href":"https:\/\/www.masproteccionlaboral.com\/blog\/wp-json\/wp\/v2\/media?parent=1246"}],"wp:term":[{"taxonomy":"category","embeddable":true,"href":"https:\/\/www.masproteccionlaboral.com\/blog\/wp-json\/wp\/v2\/categories?post=1246"},{"taxonomy":"post_tag","embeddable":true,"href":"https:\/\/www.masproteccionlaboral.com\/blog\/wp-json\/wp\/v2\/tags?post=1246"}],"curies":[{"name":"wp","href":"https:\/\/api.w.org\/{rel}","templated":true}]}}