{"id":1006,"date":"2024-09-17T09:00:00","date_gmt":"2024-09-17T09:00:00","guid":{"rendered":"https:\/\/www.masproteccionlaboral.com\/blog\/?p=1006"},"modified":"2024-08-23T16:54:50","modified_gmt":"2024-08-23T16:54:50","slug":"enfermedades-profesionales-causadas-por-agentes-carcinogenicos","status":"publish","type":"post","link":"https:\/\/www.masproteccionlaboral.com\/blog\/enfermedades-profesionales-causadas-por-agentes-carcinogenicos.html","title":{"rendered":"Enfermedades profesionales causadas por agentes carcinog\u00e9nicos"},"content":{"rendered":"\n<p>La salud laboral es un aspecto importante que debes tener en cuenta al momento de desarrollar un proyecto. Promover el bienestar integral de los empleados debe ser una prioridad. Por eso, es fundamental conocer las <strong>enfermedades profesionales causadas por agentes carcinog\u00e9nicos<\/strong>.<\/p>\n\n\n\n<p>Desde M\u00e1s Protecci\u00f3n Laboral, creemos que existen muchos modos de cuidar a los empleados y por ello te contaremos cu\u00e1les son los cuadros m\u00e1s comunes. Conoce cu\u00e1les son los riesgos por agentes carcinog\u00e9nicos y prepara a tu plantilla para el desarrollo de sus tareas laborales.&nbsp;<\/p>\n\n\n\n<h2 class=\"wp-block-heading\">\u00bfQu\u00e9 es un agente carcin\u00f3geno?<\/h2>\n\n\n\n<p>Para conocer el listado de enfermedades que se pueden desarrollar en ciertos ambientes laborales, es importante conocer <strong>que es un agente carcin\u00f3geno<\/strong>. Tambi\u00e9n conocido como \u00abagente mut\u00e1neo\u00bb, es una sustancia que puede causar c\u00e1ncer en humanos.&nbsp;<\/p>\n\n\n\n<p>Seg\u00fan la normativa, los <strong>agentes carcinog\u00e9nicos<\/strong> pueden estar presentes en productos qu\u00edmicos, radiaciones, part\u00edculas, alimentos o incluso algunos microorganismos.<\/p>\n\n\n\n<h2 class=\"wp-block-heading\">Tipos de agentes carcin\u00f3genos<\/h2>\n\n\n\n<p>El Reglamento 1272\/2008 establece que existen dos <strong>tipos de agentes carcin\u00f3genos<\/strong>. Cada uno de ellos, est\u00e1 relacionado a la naturaleza o el origen del agente.<\/p>\n\n\n\n<h3 class=\"wp-block-heading\">Categor\u00eda 1. Carcin\u00f3genos o presuntos carcin\u00f3genos para humanos<\/h3>\n\n\n\n<p>Son <strong>agentes carcin\u00f3genos f\u00edsicos qu\u00edmicos y biol\u00f3gicos<\/strong>. Este tipo de sustancia se puede conocer a trav\u00e9s de datos epidemiol\u00f3gicos o a partir de estudios con animales. De este tipo, se desprenden las siguientes dos clasificaciones.<\/p>\n\n\n\n<ul class=\"wp-block-list\">\n<li>1A: aquella sustancia que es carcin\u00f3gena para los humanos. El resultado se conoce a trav\u00e9s de pruebas en humanos.<\/li>\n\n\n\n<li>1B: es una mezcla que se cree que tiene un efecto carcin\u00f3geno en humanos. A diferencia de la anterior, se puede conocer el resultado a trav\u00e9s de diversas pruebas en animales.<\/li>\n<\/ul>\n\n\n\n<h3 class=\"wp-block-heading\">Categor\u00eda 2. Sospechoso de ser carcin\u00f3geno para humanos<\/h3>\n\n\n\n<p>En esta categor\u00eda, una sustancia se clasifica a partir de pruebas que no son lo suficientemente concluyentes como para clasificarla en las categor\u00edas 1A o 1B.<\/p>\n\n\n\n<h2 class=\"wp-block-heading\">Medidas preventivas para las enfermedades profesionales causadas por agentes carcinog\u00e9nicos<\/h2>\n\n\n\n<p>Si trabajas en ambientes donde te puedes exponer a este tipo de enfermedades, debes saber que existen estrategias de prevenci\u00f3n que se pueden aplicar. Son medidas que se pueden llevar a cabo en tres momentos diferentes: antes de la enfermedad, al momento del diagn\u00f3stico y, posteriormente, para minimizar secuelas.&nbsp;<\/p>\n\n\n\n<h3 class=\"wp-block-heading\">Estrategias primarias de prevenci\u00f3n&nbsp;<\/h3>\n\n\n\n<p>El Real Decreto 665\/1997 establece que la principal medida de prevenci\u00f3n primaria es poder sustituir el agente carcinog\u00e9nico o el m\u00e9todo por el cual el trabajador se puede exponer al mismo por alg\u00fan otro que no sea peligroso.&nbsp;<\/p>\n\n\n\n<p>En el caso en que sea imposible modificarlo, es clave evitar la exposici\u00f3n directa realizando las siguientes acciones.<\/p>\n\n\n\n<ul class=\"wp-block-list\">\n<li>Restringir la cantidad de agentes carcinog\u00e9nicos en el \u00e1rea de trabajo.<\/li>\n\n\n\n<li>Evitar la formaci\u00f3n del agente.<\/li>\n\n\n\n<li>Reducir la cantidad de empleados que se exponen a la sustancia.<\/li>\n\n\n\n<li>Detectar cu\u00e1les son los accidentes laborales que pueden suceder por la exposici\u00f3n regular.<\/li>\n\n\n\n<li>Desarrollar medidas de protecci\u00f3n para cada empleado y para el equipo en general.<\/li>\n\n\n\n<li>Priorizar la limpieza de superficies de trabajo y suelos.<\/li>\n\n\n\n<li>Vallar la zona de trabajo que puede ser riesgosa.<\/li>\n\n\n\n<li>Categorizar cada contenedor y producto de trabajo.<\/li>\n\n\n\n<li>Incorporar alarmas u otros dispositivos para emergencias.<\/li>\n\n\n\n<li>Establecer m\u00e9todos seguros para almacenar, manipular, transportar y eliminar residuos.<\/li>\n<\/ul>\n\n\n\n<p>Asimismo, la exposici\u00f3n de los trabajadores a cada uno de los agentes debe ser limitada, seg\u00fan la naturaleza de cada uno. Por ejemplo, compuestos como el benceno, \u00f3xido de etileno, hidracina, bromoetileno, tricloroetileno y el dicloruro de etileno tienen un periodo l\u00edmite de 8 horas.<\/p>\n\n\n\n<p>La higiene personal tambi\u00e9n es fundamental para prevenir este tipo de enfermedades. Por eso es necesario que el empleado utilice ropa y equipos de protecci\u00f3n, cuente con espacios donde asearse y evite comer, beber y fumar en zonas riesgosas.&nbsp;<\/p>\n\n\n\n<p>En aquellos casos en los que accidentalmente un trabajador deba exponerse a los agentes, lo ideal es que pueda limitar el tiempo y usar el equipo correspondiente.<\/p>\n\n\n\n<h3 class=\"wp-block-heading\">Estrategias secundarias de prevenci\u00f3n&nbsp;<\/h3>\n\n\n\n<p>Tambi\u00e9n es posible desarrollar estrategias de prevenci\u00f3n de diagn\u00f3stico precoz en el c\u00e1ncer de origen laboral. Al respecto, la normativa establece que es necesario centrarse en dos cuestiones importantes.<\/p>\n\n\n\n<ol class=\"wp-block-list\">\n<li>La atenci\u00f3n y vigilancia de la salud del personal expuesto a los agentes: se deben evaluar los riesgos peri\u00f3dicamente y en aquellos momentos en los que se haya afectado la exposici\u00f3n de los trabajadores.<\/li>\n\n\n\n<li>Un seguimiento de los s\u00edntomas precoces en personal de trabajo de riesgo: para eso se debe acceder a los antecedentes m\u00e9dicos, conocer la exposici\u00f3n de cada empleado, realizar controles y requerir ex\u00e1menes complementarios.<\/li>\n<\/ol>\n\n\n\n<p>A pesar de que este tipo de medidas de prevenci\u00f3n se pueden desarrollar en diversas \u00e1reas laborales, existen ciertos sectores con mayor riesgo. Esto sucede porque los trabajadores desarrollan actividades en las que se encuentran m\u00e1s expuestos a sustancias o agentes carcin\u00f3genos.&nbsp;<\/p>\n\n\n\n<h4 class=\"wp-block-heading\"><strong>Agricultura<\/strong><\/h4>\n\n\n\n<p>Los empleados se encuentran en riesgo de neoplasias hematol\u00f3gicas. Al utilizar insecticidas, pueden tener c\u00e1ncer de pulm\u00f3n, c\u00e1ncer cut\u00e1neo y sarcomas de tejidos blandos.<\/p>\n\n\n\n<h4 class=\"wp-block-heading\"><strong>Miner\u00eda y canteras<\/strong><\/h4>\n\n\n\n<p>El c\u00e1ncer de pulm\u00f3n es com\u00fan en trabajadores de la miner\u00eda del ars\u00e9nico, mientras que las personas que trabajan en miner\u00eda del carb\u00f3n pueden padecer c\u00e1ncer de est\u00f3mago.<\/p>\n\n\n\n<h4 class=\"wp-block-heading\"><strong>Construcci\u00f3n<\/strong><\/h4>\n\n\n\n<p>Los empleados que se encuentran expuestos a fibras de amianto, presentan m\u00e1s riesgo de desarrollar c\u00e1ncer de pulm\u00f3n, c\u00e1ncer de laringe y del aparato digestivo.<\/p>\n\n\n\n<h4 class=\"wp-block-heading\"><strong>Refiner\u00edas de petr\u00f3leo<\/strong><\/h4>\n\n\n\n<p>El c\u00e1ncer de piel, c\u00e1ncer del sistema nervioso central y c\u00e1ncer hematol\u00f3gico son m\u00e1s comunes en los trabajadores de esta \u00e1rea por estar expuestos al benceno y aceites minerales.<\/p>\n\n\n\n<h4 class=\"wp-block-heading\"><strong>Transporte<\/strong><\/h4>\n\n\n\n<p>Los empleados tienen mayor riesgo de c\u00e1ncer de pulm\u00f3n y de vejiga. En el caso de los empleados de gasolineras, suelen tener mayor riesgo de neoplasias hematol\u00f3gicas por la exposici\u00f3n a benceno.<\/p>\n\n\n\n<h4 class=\"wp-block-heading\"><strong>Industria textil<\/strong><\/h4>\n\n\n\n<p>Al estar expuestos a fibras sint\u00e9ticas y colorantes, en esta \u00e1rea de trabajo, los empleados presentan m\u00e1s riesgo de c\u00e1ncer de colon y vejiga.<\/p>\n\n\n\n<h4 class=\"wp-block-heading\"><strong>Lavander\u00edas y limpieza<\/strong><\/h4>\n\n\n\n<p>Los trabajadores se exponen a compuestos como el tricloroetileno, tetracloroetileno y tetracloruro de carbono. Esto aumenta el riesgo de c\u00e1ncer de pulm\u00f3n, es\u00f3fago y vejiga.<\/p>\n\n\n\n<h4 class=\"wp-block-heading\"><strong>Personal sanitario<\/strong><\/h4>\n\n\n\n<p>Pueden presentar mayor riesgo de c\u00e1ncer de piel y leucemias por la exposici\u00f3n a radiaciones ionizantes.<\/p>\n\n\n\n<h4 class=\"wp-block-heading\"><strong>Imprenta<\/strong><\/h4>\n\n\n\n<p>Los trabajadores tienen m\u00e1s riesgo de neoplasias hematol\u00f3gicas, de pulm\u00f3n y ri\u00f1\u00f3n por la exposici\u00f3n a vapores de aceite y disolventes org\u00e1nicos.<\/p>\n\n\n\n<h4 class=\"wp-block-heading\"><strong>Industria<\/strong><\/h4>\n\n\n\n<p>Trabajadores que manipulan sustancias org\u00e1nicas, presentan mayor riesgo de tumores de piel, vejiga, pulm\u00f3n e h\u00edgado.<\/p>\n\n\n\n<p>En aquellos casos en los que el diagn\u00f3stico es confirmado por profesionales de la salud, es necesario asegurarse de que se debe a una enfermedad laboral. Para ello, la normativa establece que se deben evaluar algunos criterios espec\u00edficos.&nbsp;<\/p>\n\n\n\n<p>En principio, se debe chequear en el historial del empleado que no existan datos de la enfermedad previamente. Tambi\u00e9n es importante evaluar las fechas en las que comenzaron los s\u00edntomas, la localizaci\u00f3n del tumor y el tipo, y descartar otros factores de riesgo.<\/p>\n\n\n\n<h2 class=\"wp-block-heading\">\u00bfCu\u00e1les son las limitaciones de un enfermo oncol\u00f3gico en el trabajo?<\/h2>\n\n\n\n<p>Las personas que son diagnosticadas con algunas de las enfermedades profesionales causadas por agentes carcinog\u00e9nicos sufren una amplia variedad de s\u00edntomas que los limitan a realizar algunas actividades laborales. Los obst\u00e1culos dependen del grado de c\u00e1ncer que tiene el paciente.<\/p>\n\n\n\n<ul class=\"wp-block-list\">\n<li><strong>Grado 0<\/strong>: el paciente es asintom\u00e1tico o hay presencia espor\u00e1dica de signos, y por eso no hay restricciones al momento de desarrollar sus responsabilidades laborales.<\/li>\n\n\n\n<li><strong>Grado 1<\/strong>: un paciente puede vivir limitaciones leves, especialmente en actividades que requieran mucho esfuerzo f\u00edsico.<\/li>\n\n\n\n<li><strong>Grado 2<\/strong>: los pacientes pueden tener s\u00edntomas frecuentes y por ello se dificultan las tareas que necesiten esfuerzo f\u00edsico intenso o con cargas extenuantes.<\/li>\n\n\n\n<li><strong>Grado 3<\/strong>: el paciente tiene mucha dificultad para realizar sus actividades laborales cotidianas. En esta etapa les cuesta el esfuerzo f\u00edsico m\u00ednimo.<\/li>\n\n\n\n<li><strong>Grado 4<\/strong>: en esta instancia el paciente tiene una limitaci\u00f3n muy severa para desarrollar sus tareas de trabajo.<\/li>\n<\/ul>\n\n\n\n<h2 class=\"wp-block-heading\">\u00bfC\u00f3mo proceder ante una sospecha de c\u00e1ncer en la plantilla?<\/h2>\n\n\n\n<p>Si un empleado tiene s\u00edntomas que corresponden a una de las enfermedades profesionales causadas por agentes carcinog\u00e9nicoso sospecha su diagn\u00f3stico por estar en constante contacto con agentes carcin\u00f3genos, existe un procedimiento a seguir.\u00a0<\/p>\n\n\n\n<p>Una sospecha de cuadro tumoral, puede darse a trav\u00e9s de una exploraci\u00f3n f\u00edsica o a partir de s\u00edntomas, como tambi\u00e9n a partir de un interrogatorio cl\u00ednico. Si quieres saber c\u00f3mo actuar ante este escenario, te contaremos el m\u00e9todo correcto.&nbsp;<\/p>\n\n\n\n<p>Para comenzar, existen dos pasos inmediatos a seguir. Por un lado, exigir que el trabajador sea atendido por un profesional de la salud. Por otro lado, analizar si se trata de un cuadro relacionado al trabajo, es decir, si se la puede considerar una enfermedad laboral.<\/p>\n\n\n\n<p>En ambos casos, el empleado debe someterse a una serie de ex\u00e1menes completos como endoscop\u00eda, biopsia, estudio de imagen, pruebas \u00f3micas, histoqu\u00edmicas, entre otras. Una vez que est\u00e9n disponibles los resultados, se podr\u00e1 saber si se trata de un tumor no maligno o maligno. Si se confirma el diagn\u00f3stico de c\u00e1ncer es necesario:<\/p>\n\n\n\n<ul class=\"wp-block-list\">\n<li>Notificar la enfermedad profesional ante la Seguridad Social.<\/li>\n\n\n\n<li>Investigar la enfermedad profesional.<\/li>\n\n\n\n<li>Realizar un an\u00e1lisis de incapacidad laboral del trabajador.<\/li>\n<\/ul>\n\n\n\n<p>Ahora que sabes cu\u00e1les son las enfermedades profesionales causadas por agentes carcinog\u00e9nicos y c\u00f3mo prevenirlas, \u00bfbuscas un sitio donde conseguir elementos de seguridad para prevenir riesgos en tu trabajo? Entonces te encuentras en el lugar perfecto. En nuestra tienda, ofrecemos una gran variedad de uniformes y elementos de seguridad al mejor precio.&nbsp;<\/p>\n\n\n\n<p>\u00a1Visita la <a href=\"https:\/\/www.masproteccionlaboral.com\/\">tienda en l\u00ednea de M\u00e1s Protecci\u00f3n Laboral<\/a> ahora!<\/p>\n","protected":false},"excerpt":{"rendered":"<p>La salud laboral es un aspecto importante que debes tener en cuenta al momento de desarrollar un proyecto. Promover el<\/p>\n","protected":false},"author":3,"featured_media":1009,"comment_status":"closed","ping_status":"closed","sticky":false,"template":"","format":"standard","meta":{"footnotes":""},"categories":[24],"tags":[],"class_list":["post-1006","post","type-post","status-publish","format-standard","has-post-thumbnail","hentry","category-prevencion-de-riesgos-laborales"],"yoast_head":"<!-- This site is optimized with the Yoast SEO plugin v25.6 - https:\/\/yoast.com\/wordpress\/plugins\/seo\/ -->\n<title>Enfermedades profesionales causadas por agentes carcinog\u00e9nicos<\/title>\n<meta name=\"description\" content=\"Aprende cu\u00e1les son las enfermedades profesionales causadas por agentes carcinog\u00e9nicos. Descubre c\u00f3mo actuar y de qu\u00e9 manera prevenir.\" \/>\n<meta name=\"robots\" content=\"index, follow, max-snippet:-1, max-image-preview:large, max-video-preview:-1\" \/>\n<link rel=\"canonical\" href=\"https:\/\/www.masproteccionlaboral.com\/blog\/enfermedades-profesionales-causadas-por-agentes-carcinogenicos.html\" \/>\n<meta property=\"og:locale\" content=\"es_ES\" \/>\n<meta property=\"og:type\" content=\"article\" \/>\n<meta property=\"og:title\" content=\"Enfermedades profesionales causadas por agentes carcinog\u00e9nicos\" \/>\n<meta property=\"og:description\" content=\"Aprende cu\u00e1les son las enfermedades profesionales causadas por agentes carcinog\u00e9nicos. Descubre c\u00f3mo actuar y de qu\u00e9 manera prevenir.\" \/>\n<meta property=\"og:url\" content=\"https:\/\/www.masproteccionlaboral.com\/blog\/enfermedades-profesionales-causadas-por-agentes-carcinogenicos.html\" \/>\n<meta property=\"og:site_name\" content=\"Blog de Masprotecci\u00f3n Laboral\" \/>\n<meta property=\"article:published_time\" content=\"2024-09-17T09:00:00+00:00\" \/>\n<meta property=\"og:image\" content=\"https:\/\/www.masproteccionlaboral.com\/blog\/wp-content\/uploads\/2024\/08\/enfermedades-profesionales-causadas-por-agentes-carcinogenicos.jpg\" \/>\n\t<meta property=\"og:image:width\" content=\"768\" \/>\n\t<meta property=\"og:image:height\" content=\"512\" \/>\n\t<meta property=\"og:image:type\" content=\"image\/jpeg\" \/>\n<meta name=\"author\" content=\"Greta Fedeli\" \/>\n<meta name=\"twitter:card\" content=\"summary_large_image\" \/>\n<meta name=\"twitter:label1\" content=\"Escrito por\" \/>\n\t<meta name=\"twitter:data1\" content=\"Greta Fedeli\" \/>\n\t<meta name=\"twitter:label2\" content=\"Tiempo de lectura\" \/>\n\t<meta name=\"twitter:data2\" content=\"8 minutos\" \/>\n<script type=\"application\/ld+json\" class=\"yoast-schema-graph\">{\"@context\":\"https:\/\/schema.org\",\"@graph\":[{\"@type\":\"Article\",\"@id\":\"https:\/\/www.masproteccionlaboral.com\/blog\/enfermedades-profesionales-causadas-por-agentes-carcinogenicos.html#article\",\"isPartOf\":{\"@id\":\"https:\/\/www.masproteccionlaboral.com\/blog\/enfermedades-profesionales-causadas-por-agentes-carcinogenicos.html\"},\"author\":{\"name\":\"Greta Fedeli\",\"@id\":\"https:\/\/www.masproteccionlaboral.com\/blog\/#\/schema\/person\/35dcfa79331bb58be541f05d6a2f413e\"},\"headline\":\"Enfermedades profesionales causadas por agentes carcinog\u00e9nicos\",\"datePublished\":\"2024-09-17T09:00:00+00:00\",\"mainEntityOfPage\":{\"@id\":\"https:\/\/www.masproteccionlaboral.com\/blog\/enfermedades-profesionales-causadas-por-agentes-carcinogenicos.html\"},\"wordCount\":1701,\"publisher\":{\"@id\":\"https:\/\/www.masproteccionlaboral.com\/blog\/#organization\"},\"image\":{\"@id\":\"https:\/\/www.masproteccionlaboral.com\/blog\/enfermedades-profesionales-causadas-por-agentes-carcinogenicos.html#primaryimage\"},\"thumbnailUrl\":\"https:\/\/www.masproteccionlaboral.com\/blog\/wp-content\/uploads\/2024\/08\/enfermedades-profesionales-causadas-por-agentes-carcinogenicos.jpg\",\"articleSection\":[\"Prevenci\u00f3n de Riesgos Laborales\"],\"inLanguage\":\"es\"},{\"@type\":\"WebPage\",\"@id\":\"https:\/\/www.masproteccionlaboral.com\/blog\/enfermedades-profesionales-causadas-por-agentes-carcinogenicos.html\",\"url\":\"https:\/\/www.masproteccionlaboral.com\/blog\/enfermedades-profesionales-causadas-por-agentes-carcinogenicos.html\",\"name\":\"Enfermedades profesionales causadas por agentes carcinog\u00e9nicos\",\"isPartOf\":{\"@id\":\"https:\/\/www.masproteccionlaboral.com\/blog\/#website\"},\"primaryImageOfPage\":{\"@id\":\"https:\/\/www.masproteccionlaboral.com\/blog\/enfermedades-profesionales-causadas-por-agentes-carcinogenicos.html#primaryimage\"},\"image\":{\"@id\":\"https:\/\/www.masproteccionlaboral.com\/blog\/enfermedades-profesionales-causadas-por-agentes-carcinogenicos.html#primaryimage\"},\"thumbnailUrl\":\"https:\/\/www.masproteccionlaboral.com\/blog\/wp-content\/uploads\/2024\/08\/enfermedades-profesionales-causadas-por-agentes-carcinogenicos.jpg\",\"datePublished\":\"2024-09-17T09:00:00+00:00\",\"description\":\"Aprende cu\u00e1les son las enfermedades profesionales causadas por agentes carcinog\u00e9nicos. Descubre c\u00f3mo actuar y de qu\u00e9 manera prevenir.\",\"breadcrumb\":{\"@id\":\"https:\/\/www.masproteccionlaboral.com\/blog\/enfermedades-profesionales-causadas-por-agentes-carcinogenicos.html#breadcrumb\"},\"inLanguage\":\"es\",\"potentialAction\":[{\"@type\":\"ReadAction\",\"target\":[\"https:\/\/www.masproteccionlaboral.com\/blog\/enfermedades-profesionales-causadas-por-agentes-carcinogenicos.html\"]}]},{\"@type\":\"ImageObject\",\"inLanguage\":\"es\",\"@id\":\"https:\/\/www.masproteccionlaboral.com\/blog\/enfermedades-profesionales-causadas-por-agentes-carcinogenicos.html#primaryimage\",\"url\":\"https:\/\/www.masproteccionlaboral.com\/blog\/wp-content\/uploads\/2024\/08\/enfermedades-profesionales-causadas-por-agentes-carcinogenicos.jpg\",\"contentUrl\":\"https:\/\/www.masproteccionlaboral.com\/blog\/wp-content\/uploads\/2024\/08\/enfermedades-profesionales-causadas-por-agentes-carcinogenicos.jpg\",\"width\":768,\"height\":512,\"caption\":\"enfermedades profesionales causadas por agentes carcinog\u00e9nicos\"},{\"@type\":\"BreadcrumbList\",\"@id\":\"https:\/\/www.masproteccionlaboral.com\/blog\/enfermedades-profesionales-causadas-por-agentes-carcinogenicos.html#breadcrumb\",\"itemListElement\":[{\"@type\":\"ListItem\",\"position\":1,\"name\":\"Portada\",\"item\":\"https:\/\/www.masproteccionlaboral.com\/blog\/\"},{\"@type\":\"ListItem\",\"position\":2,\"name\":\"Enfermedades profesionales causadas por agentes carcinog\u00e9nicos\"}]},{\"@type\":\"WebSite\",\"@id\":\"https:\/\/www.masproteccionlaboral.com\/blog\/#website\",\"url\":\"https:\/\/www.masproteccionlaboral.com\/blog\/\",\"name\":\"Blog de Masprotecci\u00f3n Laboral\",\"description\":\"Blog de Protecci\u00f3n laboral\",\"publisher\":{\"@id\":\"https:\/\/www.masproteccionlaboral.com\/blog\/#organization\"},\"potentialAction\":[{\"@type\":\"SearchAction\",\"target\":{\"@type\":\"EntryPoint\",\"urlTemplate\":\"https:\/\/www.masproteccionlaboral.com\/blog\/?s={search_term_string}\"},\"query-input\":{\"@type\":\"PropertyValueSpecification\",\"valueRequired\":true,\"valueName\":\"search_term_string\"}}],\"inLanguage\":\"es\"},{\"@type\":\"Organization\",\"@id\":\"https:\/\/www.masproteccionlaboral.com\/blog\/#organization\",\"name\":\"Blog de Masprotecci\u00f3n Laboral\",\"url\":\"https:\/\/www.masproteccionlaboral.com\/blog\/\",\"logo\":{\"@type\":\"ImageObject\",\"inLanguage\":\"es\",\"@id\":\"https:\/\/www.masproteccionlaboral.com\/blog\/#\/schema\/logo\/image\/\",\"url\":\"https:\/\/www.masproteccionlaboral.com\/blog\/wp-content\/uploads\/2021\/12\/logo-cabecera.png\",\"contentUrl\":\"https:\/\/www.masproteccionlaboral.com\/blog\/wp-content\/uploads\/2021\/12\/logo-cabecera.png\",\"width\":332,\"height\":60,\"caption\":\"Blog de Masprotecci\u00f3n Laboral\"},\"image\":{\"@id\":\"https:\/\/www.masproteccionlaboral.com\/blog\/#\/schema\/logo\/image\/\"}},{\"@type\":\"Person\",\"@id\":\"https:\/\/www.masproteccionlaboral.com\/blog\/#\/schema\/person\/35dcfa79331bb58be541f05d6a2f413e\",\"name\":\"Greta Fedeli\",\"image\":{\"@type\":\"ImageObject\",\"inLanguage\":\"es\",\"@id\":\"https:\/\/www.masproteccionlaboral.com\/blog\/#\/schema\/person\/image\/\",\"url\":\"https:\/\/secure.gravatar.com\/avatar\/ede8231896c0e48ed7e565221ba1cb77?s=96&d=mm&r=g\",\"contentUrl\":\"https:\/\/secure.gravatar.com\/avatar\/ede8231896c0e48ed7e565221ba1cb77?s=96&d=mm&r=g\",\"caption\":\"Greta Fedeli\"},\"sameAs\":[\"https:\/\/www.linkedin.com\/in\/greta-fedeli-736a074a\/\"],\"url\":\"https:\/\/www.masproteccionlaboral.com\/blog\/author\/fedeligretagmail-com\"}]}<\/script>\n<!-- \/ Yoast SEO plugin. -->","yoast_head_json":{"title":"Enfermedades profesionales causadas por agentes carcinog\u00e9nicos","description":"Aprende cu\u00e1les son las enfermedades profesionales causadas por agentes carcinog\u00e9nicos. Descubre c\u00f3mo actuar y de qu\u00e9 manera prevenir.","robots":{"index":"index","follow":"follow","max-snippet":"max-snippet:-1","max-image-preview":"max-image-preview:large","max-video-preview":"max-video-preview:-1"},"canonical":"https:\/\/www.masproteccionlaboral.com\/blog\/enfermedades-profesionales-causadas-por-agentes-carcinogenicos.html","og_locale":"es_ES","og_type":"article","og_title":"Enfermedades profesionales causadas por agentes carcinog\u00e9nicos","og_description":"Aprende cu\u00e1les son las enfermedades profesionales causadas por agentes carcinog\u00e9nicos. Descubre c\u00f3mo actuar y de qu\u00e9 manera prevenir.","og_url":"https:\/\/www.masproteccionlaboral.com\/blog\/enfermedades-profesionales-causadas-por-agentes-carcinogenicos.html","og_site_name":"Blog de Masprotecci\u00f3n Laboral","article_published_time":"2024-09-17T09:00:00+00:00","og_image":[{"width":768,"height":512,"url":"https:\/\/www.masproteccionlaboral.com\/blog\/wp-content\/uploads\/2024\/08\/enfermedades-profesionales-causadas-por-agentes-carcinogenicos.jpg","type":"image\/jpeg"}],"author":"Greta Fedeli","twitter_card":"summary_large_image","twitter_misc":{"Escrito por":"Greta Fedeli","Tiempo de lectura":"8 minutos"},"schema":{"@context":"https:\/\/schema.org","@graph":[{"@type":"Article","@id":"https:\/\/www.masproteccionlaboral.com\/blog\/enfermedades-profesionales-causadas-por-agentes-carcinogenicos.html#article","isPartOf":{"@id":"https:\/\/www.masproteccionlaboral.com\/blog\/enfermedades-profesionales-causadas-por-agentes-carcinogenicos.html"},"author":{"name":"Greta Fedeli","@id":"https:\/\/www.masproteccionlaboral.com\/blog\/#\/schema\/person\/35dcfa79331bb58be541f05d6a2f413e"},"headline":"Enfermedades profesionales causadas por agentes carcinog\u00e9nicos","datePublished":"2024-09-17T09:00:00+00:00","mainEntityOfPage":{"@id":"https:\/\/www.masproteccionlaboral.com\/blog\/enfermedades-profesionales-causadas-por-agentes-carcinogenicos.html"},"wordCount":1701,"publisher":{"@id":"https:\/\/www.masproteccionlaboral.com\/blog\/#organization"},"image":{"@id":"https:\/\/www.masproteccionlaboral.com\/blog\/enfermedades-profesionales-causadas-por-agentes-carcinogenicos.html#primaryimage"},"thumbnailUrl":"https:\/\/www.masproteccionlaboral.com\/blog\/wp-content\/uploads\/2024\/08\/enfermedades-profesionales-causadas-por-agentes-carcinogenicos.jpg","articleSection":["Prevenci\u00f3n de Riesgos Laborales"],"inLanguage":"es"},{"@type":"WebPage","@id":"https:\/\/www.masproteccionlaboral.com\/blog\/enfermedades-profesionales-causadas-por-agentes-carcinogenicos.html","url":"https:\/\/www.masproteccionlaboral.com\/blog\/enfermedades-profesionales-causadas-por-agentes-carcinogenicos.html","name":"Enfermedades profesionales causadas por agentes carcinog\u00e9nicos","isPartOf":{"@id":"https:\/\/www.masproteccionlaboral.com\/blog\/#website"},"primaryImageOfPage":{"@id":"https:\/\/www.masproteccionlaboral.com\/blog\/enfermedades-profesionales-causadas-por-agentes-carcinogenicos.html#primaryimage"},"image":{"@id":"https:\/\/www.masproteccionlaboral.com\/blog\/enfermedades-profesionales-causadas-por-agentes-carcinogenicos.html#primaryimage"},"thumbnailUrl":"https:\/\/www.masproteccionlaboral.com\/blog\/wp-content\/uploads\/2024\/08\/enfermedades-profesionales-causadas-por-agentes-carcinogenicos.jpg","datePublished":"2024-09-17T09:00:00+00:00","description":"Aprende cu\u00e1les son las enfermedades profesionales causadas por agentes carcinog\u00e9nicos. Descubre c\u00f3mo actuar y de qu\u00e9 manera prevenir.","breadcrumb":{"@id":"https:\/\/www.masproteccionlaboral.com\/blog\/enfermedades-profesionales-causadas-por-agentes-carcinogenicos.html#breadcrumb"},"inLanguage":"es","potentialAction":[{"@type":"ReadAction","target":["https:\/\/www.masproteccionlaboral.com\/blog\/enfermedades-profesionales-causadas-por-agentes-carcinogenicos.html"]}]},{"@type":"ImageObject","inLanguage":"es","@id":"https:\/\/www.masproteccionlaboral.com\/blog\/enfermedades-profesionales-causadas-por-agentes-carcinogenicos.html#primaryimage","url":"https:\/\/www.masproteccionlaboral.com\/blog\/wp-content\/uploads\/2024\/08\/enfermedades-profesionales-causadas-por-agentes-carcinogenicos.jpg","contentUrl":"https:\/\/www.masproteccionlaboral.com\/blog\/wp-content\/uploads\/2024\/08\/enfermedades-profesionales-causadas-por-agentes-carcinogenicos.jpg","width":768,"height":512,"caption":"enfermedades profesionales causadas por agentes carcinog\u00e9nicos"},{"@type":"BreadcrumbList","@id":"https:\/\/www.masproteccionlaboral.com\/blog\/enfermedades-profesionales-causadas-por-agentes-carcinogenicos.html#breadcrumb","itemListElement":[{"@type":"ListItem","position":1,"name":"Portada","item":"https:\/\/www.masproteccionlaboral.com\/blog\/"},{"@type":"ListItem","position":2,"name":"Enfermedades profesionales causadas por agentes carcinog\u00e9nicos"}]},{"@type":"WebSite","@id":"https:\/\/www.masproteccionlaboral.com\/blog\/#website","url":"https:\/\/www.masproteccionlaboral.com\/blog\/","name":"Blog de Masprotecci\u00f3n Laboral","description":"Blog de Protecci\u00f3n laboral","publisher":{"@id":"https:\/\/www.masproteccionlaboral.com\/blog\/#organization"},"potentialAction":[{"@type":"SearchAction","target":{"@type":"EntryPoint","urlTemplate":"https:\/\/www.masproteccionlaboral.com\/blog\/?s={search_term_string}"},"query-input":{"@type":"PropertyValueSpecification","valueRequired":true,"valueName":"search_term_string"}}],"inLanguage":"es"},{"@type":"Organization","@id":"https:\/\/www.masproteccionlaboral.com\/blog\/#organization","name":"Blog de Masprotecci\u00f3n Laboral","url":"https:\/\/www.masproteccionlaboral.com\/blog\/","logo":{"@type":"ImageObject","inLanguage":"es","@id":"https:\/\/www.masproteccionlaboral.com\/blog\/#\/schema\/logo\/image\/","url":"https:\/\/www.masproteccionlaboral.com\/blog\/wp-content\/uploads\/2021\/12\/logo-cabecera.png","contentUrl":"https:\/\/www.masproteccionlaboral.com\/blog\/wp-content\/uploads\/2021\/12\/logo-cabecera.png","width":332,"height":60,"caption":"Blog de Masprotecci\u00f3n Laboral"},"image":{"@id":"https:\/\/www.masproteccionlaboral.com\/blog\/#\/schema\/logo\/image\/"}},{"@type":"Person","@id":"https:\/\/www.masproteccionlaboral.com\/blog\/#\/schema\/person\/35dcfa79331bb58be541f05d6a2f413e","name":"Greta Fedeli","image":{"@type":"ImageObject","inLanguage":"es","@id":"https:\/\/www.masproteccionlaboral.com\/blog\/#\/schema\/person\/image\/","url":"https:\/\/secure.gravatar.com\/avatar\/ede8231896c0e48ed7e565221ba1cb77?s=96&d=mm&r=g","contentUrl":"https:\/\/secure.gravatar.com\/avatar\/ede8231896c0e48ed7e565221ba1cb77?s=96&d=mm&r=g","caption":"Greta Fedeli"},"sameAs":["https:\/\/www.linkedin.com\/in\/greta-fedeli-736a074a\/"],"url":"https:\/\/www.masproteccionlaboral.com\/blog\/author\/fedeligretagmail-com"}]}},"_links":{"self":[{"href":"https:\/\/www.masproteccionlaboral.com\/blog\/wp-json\/wp\/v2\/posts\/1006"}],"collection":[{"href":"https:\/\/www.masproteccionlaboral.com\/blog\/wp-json\/wp\/v2\/posts"}],"about":[{"href":"https:\/\/www.masproteccionlaboral.com\/blog\/wp-json\/wp\/v2\/types\/post"}],"author":[{"embeddable":true,"href":"https:\/\/www.masproteccionlaboral.com\/blog\/wp-json\/wp\/v2\/users\/3"}],"replies":[{"embeddable":true,"href":"https:\/\/www.masproteccionlaboral.com\/blog\/wp-json\/wp\/v2\/comments?post=1006"}],"version-history":[{"count":1,"href":"https:\/\/www.masproteccionlaboral.com\/blog\/wp-json\/wp\/v2\/posts\/1006\/revisions"}],"predecessor-version":[{"id":1013,"href":"https:\/\/www.masproteccionlaboral.com\/blog\/wp-json\/wp\/v2\/posts\/1006\/revisions\/1013"}],"wp:featuredmedia":[{"embeddable":true,"href":"https:\/\/www.masproteccionlaboral.com\/blog\/wp-json\/wp\/v2\/media\/1009"}],"wp:attachment":[{"href":"https:\/\/www.masproteccionlaboral.com\/blog\/wp-json\/wp\/v2\/media?parent=1006"}],"wp:term":[{"taxonomy":"category","embeddable":true,"href":"https:\/\/www.masproteccionlaboral.com\/blog\/wp-json\/wp\/v2\/categories?post=1006"},{"taxonomy":"post_tag","embeddable":true,"href":"https:\/\/www.masproteccionlaboral.com\/blog\/wp-json\/wp\/v2\/tags?post=1006"}],"curies":[{"name":"wp","href":"https:\/\/api.w.org\/{rel}","templated":true}]}}